{"id":10973,"date":"2022-12-27T08:19:22","date_gmt":"2022-12-27T08:19:22","guid":{"rendered":"https:\/\/permbledhja.com\/?p=10973"},"modified":"2022-12-27T08:19:22","modified_gmt":"2022-12-27T08:19:22","slug":"moti-i-acarte-kthen-qytetet-ne-zona-lufte-debora-shkon-ne-4-meter-iartesi","status":"publish","type":"post","link":"https:\/\/permbledhja.com\/sq\/moti-i-acarte-kthen-qytetet-ne-zona-lufte-debora-shkon-ne-4-meter-iartesi\/","title":{"rendered":"Moti i acart\u00eb kthen qytetet n\u00eb \u201czona lufte\u201d, d\u00ebbora shkon n\u00eb 4 met\u00ebr Iart\u00ebsi"},"content":{"rendered":"<p>Stuhia dim\u00ebrore q\u00eb ka pushtuar SHBA-n\u00eb prej dit\u00ebsh, ka goditur m\u00eb tep\u00ebr qytetin e Buffalo-s n\u00eb Nju Jork, duke e shnd\u00ebrruar at\u00eb si nj\u00eb zon\u00eb lufte. <\/p>\n<p>Deri me tani n\u00eb k\u00ebt\u00eb qytet jan\u00eb regjistruar 25 vdekje, nd\u00ebrkoh\u00eb q\u00eb 12 kan\u00eb ndodhur nga e dita e diel e sot. Sh\u00ebrbimi Komb\u00ebtar i Motit ka raportuar se d\u00ebbora n\u00eb\u00a0Buffalo\u00a0\u00ebsht\u00eb 4 m e lart\u00eb.<\/p>\n<p>\u201cKjo \u00ebsht\u00eb nj\u00eb luft\u00eb me n\u00ebn\u00ebn natyr\u00eb dhe ajo na ka goditur me gjith\u00e7ka q\u00eb ka. \u00cbsht\u00eb si t\u00eb shkosh n\u00eb nj\u00eb zon\u00eb lufte dhe automjetet p\u00ebrgjat\u00eb an\u00ebve t\u00eb rrug\u00ebve jan\u00eb trondit\u00ebse\u201c, q\u00eb nga e enjtja,\u00a0deklaroi Guvernatorja e shtetit t\u00eb Nju Jorkut, Kathy Hochul.<\/p>\n<p>Kushtet e stuhis\u00eb, t\u00eb cilat shtriheshin nga Kanadaja deri n\u00eb kufirin me Meksik\u00ebn, kan\u00eb vrar\u00eb t\u00eb pakt\u00ebn 50 njer\u00ebz n\u00eb mbar\u00eb vendin. Ajo tha se banor\u00ebt po p\u00ebrballeshin me nj\u00eb \u201csituat\u00eb k\u00ebrc\u00ebnuese p\u00ebr jet\u00ebn\u201d, pasi shum\u00eb automjete t\u00eb urgjenc\u00ebs nuk ishin n\u00eb gjendje t\u00eb arrinin n\u00eb zonat m\u00eb t\u00eb goditura ose u mb\u00ebrthyen n\u00eb d\u00ebbor\u00eb.<\/p>\n<p>Nj\u00eb familje me f\u00ebmij\u00eb t\u00eb vegj\u00ebl, i \u00ebsht\u00eb dashur t\u00eb pres\u00eb 11 or\u00eb p\u00ebrpara se t\u00eb shp\u00ebtohej n\u00eb dit\u00ebn e Krishtlindjeve. Autoritet besojn\u00eb se m\u00eb shum\u00eb viktima pritet t\u00eb zbulohen pasi reshjet e d\u00ebbor\u00ebs t\u00eb shkrihen t\u00eb zbulojn\u00eb automjetet e bllokuara dhe t\u00eb lejojn\u00eb hyrjen n\u00eb sht\u00ebpit\u00eb e larg\u00ebta.<\/p>\n","protected":false},"excerpt":{"rendered":"<p>Stuhia dim\u00ebrore q\u00eb ka pushtuar SHBA-n\u00eb prej dit\u00ebsh, ka goditur m\u00eb tep\u00ebr qytetin e Buffalo-s n\u00eb Nju Jork, duke e shnd\u00ebrruar at\u00eb si nj\u00eb zon\u00eb lufte. Deri me tani n\u00eb k\u00ebt\u00eb qytet jan\u00eb regjistruar 25 vdekje, nd\u00ebrkoh\u00eb q\u00eb 12 kan\u00eb ndodhur nga e dita e diel e sot. Sh\u00ebrbimi Komb\u00ebtar i Motit ka raportuar se [&hellip;]<\/p>\n","protected":false},"author":1,"featured_media":10974,"comment_status":"closed","ping_status":"closed","sticky":false,"template":"","format":"standard","meta":{"_monsterinsights_skip_tracking":false,"_monsterinsights_sitenote_active":false,"_monsterinsights_sitenote_note":"","_monsterinsights_sitenote_category":0,"_uf_show_specific_survey":0,"_uf_disable_surveys":false,"footnotes":""},"categories":[1],"tags":[1264],"yoast_head":"<!-- This site is optimized with the Yoast SEO plugin v21.5 - https:\/\/yoast.com\/wordpress\/plugins\/seo\/ -->\n<title>Moti i acart\u00eb kthen qytetet n\u00eb \u201czona lufte\u201d, d\u00ebbora shkon n\u00eb 4 met\u00ebr Iart\u00ebsi<\/title>\n<meta name=\"robots\" content=\"index, follow, max-snippet:-1, max-image-preview:large, max-video-preview:-1\" \/>\n<link rel=\"canonical\" href=\"https:\/\/permbledhja.com\/sq\/moti-i-acarte-kthen-qytetet-ne-zona-lufte-debora-shkon-ne-4-meter-iartesi\/\" \/>\n<meta property=\"og:locale\" content=\"sq_AL\" \/>\n<meta property=\"og:type\" content=\"article\" \/>\n<meta property=\"og:title\" content=\"Moti i acart\u00eb kthen qytetet n\u00eb \u201czona lufte\u201d, d\u00ebbora shkon n\u00eb 4 met\u00ebr Iart\u00ebsi\" \/>\n<meta property=\"og:description\" content=\"Stuhia dim\u00ebrore q\u00eb ka pushtuar SHBA-n\u00eb prej dit\u00ebsh, ka goditur m\u00eb tep\u00ebr qytetin e Buffalo-s n\u00eb Nju Jork, duke e shnd\u00ebrruar at\u00eb si nj\u00eb zon\u00eb lufte. Deri me tani n\u00eb k\u00ebt\u00eb qytet jan\u00eb regjistruar 25 vdekje, nd\u00ebrkoh\u00eb q\u00eb 12 kan\u00eb ndodhur nga e dita e diel e sot. Sh\u00ebrbimi Komb\u00ebtar i Motit ka raportuar se [&hellip;]\" \/>\n<meta property=\"og:url\" content=\"https:\/\/permbledhja.com\/sq\/moti-i-acarte-kthen-qytetet-ne-zona-lufte-debora-shkon-ne-4-meter-iartesi\/\" \/>\n<meta property=\"og:site_name\" content=\"Ve\u00e7 artikuj p\u00ebrmbledh\u00ebs\" \/>\n<meta property=\"article:publisher\" content=\"https:\/\/www.facebook.com\/press07\/\" \/>\n<meta property=\"article:author\" content=\"https:\/\/www.facebook.com\/kafexhiu.muharrem\/\" \/>\n<meta property=\"article:published_time\" content=\"2022-12-27T08:19:22+00:00\" \/>\n<meta property=\"og:image\" content=\"https:\/\/permbledhja.com\/wp-content\/uploads\/2022\/12\/22096928-7A8C-428E-BB5F-F6B0858F25E4.jpeg\" \/>\n\t<meta property=\"og:image:width\" content=\"600\" \/>\n\t<meta property=\"og:image:height\" content=\"360\" \/>\n\t<meta property=\"og:image:type\" content=\"image\/jpeg\" \/>\n<meta name=\"author\" content=\"P\u00ebrmbledhja\" \/>\n<meta name=\"twitter:card\" content=\"summary_large_image\" \/>\n<meta name=\"twitter:label1\" content=\"Written by\" \/>\n\t<meta name=\"twitter:data1\" content=\"P\u00ebrmbledhja\" \/>\n\t<meta name=\"twitter:label2\" content=\"Est. reading time\" \/>\n\t<meta name=\"twitter:data2\" content=\"1 minut\u00eb\" \/>\n<script type=\"application\/ld+json\" class=\"yoast-schema-graph\">{\"@context\":\"https:\/\/schema.org\",\"@graph\":[{\"@type\":\"Article\",\"@id\":\"https:\/\/permbledhja.com\/moti-i-acarte-kthen-qytetet-ne-zona-lufte-debora-shkon-ne-4-meter-iartesi\/#article\",\"isPartOf\":{\"@id\":\"https:\/\/permbledhja.com\/moti-i-acarte-kthen-qytetet-ne-zona-lufte-debora-shkon-ne-4-meter-iartesi\/\"},\"author\":{\"name\":\"P\u00ebrmbledhja\",\"@id\":\"https:\/\/permbledhja.com\/#\/schema\/person\/0d064377258d3221e50693947b9eb4fe\"},\"headline\":\"Moti i acart\u00eb kthen qytetet n\u00eb \u201czona lufte\u201d, d\u00ebbora shkon n\u00eb 4 met\u00ebr Iart\u00ebsi\",\"datePublished\":\"2022-12-27T08:19:22+00:00\",\"dateModified\":\"2022-12-27T08:19:22+00:00\",\"mainEntityOfPage\":{\"@id\":\"https:\/\/permbledhja.com\/moti-i-acarte-kthen-qytetet-ne-zona-lufte-debora-shkon-ne-4-meter-iartesi\/\"},\"wordCount\":260,\"publisher\":{\"@id\":\"https:\/\/permbledhja.com\/#organization\"},\"keywords\":[\"D\u00ebbora\"],\"articleSection\":[\"Breaking News\"],\"inLanguage\":\"sq\"},{\"@type\":\"WebPage\",\"@id\":\"https:\/\/permbledhja.com\/moti-i-acarte-kthen-qytetet-ne-zona-lufte-debora-shkon-ne-4-meter-iartesi\/\",\"url\":\"https:\/\/permbledhja.com\/moti-i-acarte-kthen-qytetet-ne-zona-lufte-debora-shkon-ne-4-meter-iartesi\/\",\"name\":\"Moti i acart\u00eb kthen qytetet n\u00eb \u201czona lufte\u201d, d\u00ebbora shkon n\u00eb 4 met\u00ebr Iart\u00ebsi\",\"isPartOf\":{\"@id\":\"https:\/\/permbledhja.com\/#website\"},\"datePublished\":\"2022-12-27T08:19:22+00:00\",\"dateModified\":\"2022-12-27T08:19:22+00:00\",\"breadcrumb\":{\"@id\":\"https:\/\/permbledhja.com\/moti-i-acarte-kthen-qytetet-ne-zona-lufte-debora-shkon-ne-4-meter-iartesi\/#breadcrumb\"},\"inLanguage\":\"sq\",\"potentialAction\":[{\"@type\":\"ReadAction\",\"target\":[\"https:\/\/permbledhja.com\/moti-i-acarte-kthen-qytetet-ne-zona-lufte-debora-shkon-ne-4-meter-iartesi\/\"]}]},{\"@type\":\"BreadcrumbList\",\"@id\":\"https:\/\/permbledhja.com\/moti-i-acarte-kthen-qytetet-ne-zona-lufte-debora-shkon-ne-4-meter-iartesi\/#breadcrumb\",\"itemListElement\":[{\"@type\":\"ListItem\",\"position\":1,\"name\":\"Ballina\",\"item\":\"https:\/\/permbledhja.com\/sq\/\"},{\"@type\":\"ListItem\",\"position\":2,\"name\":\"Moti i acart\u00eb kthen qytetet n\u00eb \u201czona lufte\u201d, d\u00ebbora shkon n\u00eb 4 met\u00ebr Iart\u00ebsi\"}]},{\"@type\":\"WebSite\",\"@id\":\"https:\/\/permbledhja.com\/#website\",\"url\":\"https:\/\/permbledhja.com\/\",\"name\":\"Ve\u00e7 artikuj p\u00ebrmbledh\u00ebs\",\"description\":\"\",\"publisher\":{\"@id\":\"https:\/\/permbledhja.com\/#organization\"},\"potentialAction\":[{\"@type\":\"SearchAction\",\"target\":{\"@type\":\"EntryPoint\",\"urlTemplate\":\"https:\/\/permbledhja.com\/?s={search_term_string}\"},\"query-input\":\"required name=search_term_string\"}],\"inLanguage\":\"sq\"},{\"@type\":\"Organization\",\"@id\":\"https:\/\/permbledhja.com\/#organization\",\"name\":\"MK Media & Pr\",\"url\":\"https:\/\/permbledhja.com\/\",\"logo\":{\"@type\":\"ImageObject\",\"inLanguage\":\"sq\",\"@id\":\"https:\/\/permbledhja.com\/#\/schema\/logo\/image\/\",\"url\":\"https:\/\/permbledhja.com\/wp-content\/uploads\/2021\/12\/07-Press-Logo.jpg\",\"contentUrl\":\"https:\/\/permbledhja.com\/wp-content\/uploads\/2021\/12\/07-Press-Logo.jpg\",\"width\":512,\"height\":512,\"caption\":\"MK Media & Pr\"},\"image\":{\"@id\":\"https:\/\/permbledhja.com\/#\/schema\/logo\/image\/\"},\"sameAs\":[\"https:\/\/www.facebook.com\/press07\/\"]},{\"@type\":\"Person\",\"@id\":\"https:\/\/permbledhja.com\/#\/schema\/person\/0d064377258d3221e50693947b9eb4fe\",\"name\":\"P\u00ebrmbledhja\",\"image\":{\"@type\":\"ImageObject\",\"inLanguage\":\"sq\",\"@id\":\"https:\/\/permbledhja.com\/#\/schema\/person\/image\/\",\"url\":\"https:\/\/permbledhja.com\/wp-content\/uploads\/2026\/01\/452004717_1040944174702970_8932037511805513407_n-96x96.jpg\",\"contentUrl\":\"https:\/\/permbledhja.com\/wp-content\/uploads\/2026\/01\/452004717_1040944174702970_8932037511805513407_n-96x96.jpg\",\"caption\":\"P\u00ebrmbledhja\"},\"sameAs\":[\"https:\/\/www.facebook.com\/kafexhiu.muharrem\/\",\"https:\/\/www.instagram.com\/muharrem_kafexhiu\/\"],\"url\":\"https:\/\/permbledhja.com\/sq\/author\/admin\/\"}]}<\/script>\n<!-- \/ Yoast SEO plugin. -->","yoast_head_json":{"title":"Moti i acart\u00eb kthen qytetet n\u00eb \u201czona lufte\u201d, d\u00ebbora shkon n\u00eb 4 met\u00ebr Iart\u00ebsi","robots":{"index":"index","follow":"follow","max-snippet":"max-snippet:-1","max-image-preview":"max-image-preview:large","max-video-preview":"max-video-preview:-1"},"canonical":"https:\/\/permbledhja.com\/sq\/moti-i-acarte-kthen-qytetet-ne-zona-lufte-debora-shkon-ne-4-meter-iartesi\/","og_locale":"sq_AL","og_type":"article","og_title":"Moti i acart\u00eb kthen qytetet n\u00eb \u201czona lufte\u201d, d\u00ebbora shkon n\u00eb 4 met\u00ebr Iart\u00ebsi","og_description":"Stuhia dim\u00ebrore q\u00eb ka pushtuar SHBA-n\u00eb prej dit\u00ebsh, ka goditur m\u00eb tep\u00ebr qytetin e Buffalo-s n\u00eb Nju Jork, duke e shnd\u00ebrruar at\u00eb si nj\u00eb zon\u00eb lufte. Deri me tani n\u00eb k\u00ebt\u00eb qytet jan\u00eb regjistruar 25 vdekje, nd\u00ebrkoh\u00eb q\u00eb 12 kan\u00eb ndodhur nga e dita e diel e sot. Sh\u00ebrbimi Komb\u00ebtar i Motit ka raportuar se [&hellip;]","og_url":"https:\/\/permbledhja.com\/sq\/moti-i-acarte-kthen-qytetet-ne-zona-lufte-debora-shkon-ne-4-meter-iartesi\/","og_site_name":"Ve\u00e7 artikuj p\u00ebrmbledh\u00ebs","article_publisher":"https:\/\/www.facebook.com\/press07\/","article_author":"https:\/\/www.facebook.com\/kafexhiu.muharrem\/","article_published_time":"2022-12-27T08:19:22+00:00","og_image":[{"width":600,"height":360,"url":"https:\/\/permbledhja.com\/wp-content\/uploads\/2022\/12\/22096928-7A8C-428E-BB5F-F6B0858F25E4.jpeg","type":"image\/jpeg"}],"author":"P\u00ebrmbledhja","twitter_card":"summary_large_image","twitter_misc":{"Written by":"P\u00ebrmbledhja","Est. reading time":"1 minut\u00eb"},"schema":{"@context":"https:\/\/schema.org","@graph":[{"@type":"Article","@id":"https:\/\/permbledhja.com\/moti-i-acarte-kthen-qytetet-ne-zona-lufte-debora-shkon-ne-4-meter-iartesi\/#article","isPartOf":{"@id":"https:\/\/permbledhja.com\/moti-i-acarte-kthen-qytetet-ne-zona-lufte-debora-shkon-ne-4-meter-iartesi\/"},"author":{"name":"P\u00ebrmbledhja","@id":"https:\/\/permbledhja.com\/#\/schema\/person\/0d064377258d3221e50693947b9eb4fe"},"headline":"Moti i acart\u00eb kthen qytetet n\u00eb \u201czona lufte\u201d, d\u00ebbora shkon n\u00eb 4 met\u00ebr Iart\u00ebsi","datePublished":"2022-12-27T08:19:22+00:00","dateModified":"2022-12-27T08:19:22+00:00","mainEntityOfPage":{"@id":"https:\/\/permbledhja.com\/moti-i-acarte-kthen-qytetet-ne-zona-lufte-debora-shkon-ne-4-meter-iartesi\/"},"wordCount":260,"publisher":{"@id":"https:\/\/permbledhja.com\/#organization"},"keywords":["D\u00ebbora"],"articleSection":["Breaking News"],"inLanguage":"sq"},{"@type":"WebPage","@id":"https:\/\/permbledhja.com\/moti-i-acarte-kthen-qytetet-ne-zona-lufte-debora-shkon-ne-4-meter-iartesi\/","url":"https:\/\/permbledhja.com\/moti-i-acarte-kthen-qytetet-ne-zona-lufte-debora-shkon-ne-4-meter-iartesi\/","name":"Moti i acart\u00eb kthen qytetet n\u00eb \u201czona lufte\u201d, d\u00ebbora shkon n\u00eb 4 met\u00ebr Iart\u00ebsi","isPartOf":{"@id":"https:\/\/permbledhja.com\/#website"},"datePublished":"2022-12-27T08:19:22+00:00","dateModified":"2022-12-27T08:19:22+00:00","breadcrumb":{"@id":"https:\/\/permbledhja.com\/moti-i-acarte-kthen-qytetet-ne-zona-lufte-debora-shkon-ne-4-meter-iartesi\/#breadcrumb"},"inLanguage":"sq","potentialAction":[{"@type":"ReadAction","target":["https:\/\/permbledhja.com\/moti-i-acarte-kthen-qytetet-ne-zona-lufte-debora-shkon-ne-4-meter-iartesi\/"]}]},{"@type":"BreadcrumbList","@id":"https:\/\/permbledhja.com\/moti-i-acarte-kthen-qytetet-ne-zona-lufte-debora-shkon-ne-4-meter-iartesi\/#breadcrumb","itemListElement":[{"@type":"ListItem","position":1,"name":"Ballina","item":"https:\/\/permbledhja.com\/sq\/"},{"@type":"ListItem","position":2,"name":"Moti i acart\u00eb kthen qytetet n\u00eb \u201czona lufte\u201d, d\u00ebbora shkon n\u00eb 4 met\u00ebr Iart\u00ebsi"}]},{"@type":"WebSite","@id":"https:\/\/permbledhja.com\/#website","url":"https:\/\/permbledhja.com\/","name":"Ve\u00e7 artikuj p\u00ebrmbledh\u00ebs","description":"","publisher":{"@id":"https:\/\/permbledhja.com\/#organization"},"potentialAction":[{"@type":"SearchAction","target":{"@type":"EntryPoint","urlTemplate":"https:\/\/permbledhja.com\/?s={search_term_string}"},"query-input":"required name=search_term_string"}],"inLanguage":"sq"},{"@type":"Organization","@id":"https:\/\/permbledhja.com\/#organization","name":"MK Media & Pr","url":"https:\/\/permbledhja.com\/","logo":{"@type":"ImageObject","inLanguage":"sq","@id":"https:\/\/permbledhja.com\/#\/schema\/logo\/image\/","url":"https:\/\/permbledhja.com\/wp-content\/uploads\/2021\/12\/07-Press-Logo.jpg","contentUrl":"https:\/\/permbledhja.com\/wp-content\/uploads\/2021\/12\/07-Press-Logo.jpg","width":512,"height":512,"caption":"MK Media & Pr"},"image":{"@id":"https:\/\/permbledhja.com\/#\/schema\/logo\/image\/"},"sameAs":["https:\/\/www.facebook.com\/press07\/"]},{"@type":"Person","@id":"https:\/\/permbledhja.com\/#\/schema\/person\/0d064377258d3221e50693947b9eb4fe","name":"P\u00ebrmbledhja","image":{"@type":"ImageObject","inLanguage":"sq","@id":"https:\/\/permbledhja.com\/#\/schema\/person\/image\/","url":"https:\/\/permbledhja.com\/wp-content\/uploads\/2026\/01\/452004717_1040944174702970_8932037511805513407_n-96x96.jpg","contentUrl":"https:\/\/permbledhja.com\/wp-content\/uploads\/2026\/01\/452004717_1040944174702970_8932037511805513407_n-96x96.jpg","caption":"P\u00ebrmbledhja"},"sameAs":["https:\/\/www.facebook.com\/kafexhiu.muharrem\/","https:\/\/www.instagram.com\/muharrem_kafexhiu\/"],"url":"https:\/\/permbledhja.com\/sq\/author\/admin\/"}]}},"_links":{"self":[{"href":"https:\/\/permbledhja.com\/sq\/wp-json\/wp\/v2\/posts\/10973"}],"collection":[{"href":"https:\/\/permbledhja.com\/sq\/wp-json\/wp\/v2\/posts"}],"about":[{"href":"https:\/\/permbledhja.com\/sq\/wp-json\/wp\/v2\/types\/post"}],"author":[{"embeddable":true,"href":"https:\/\/permbledhja.com\/sq\/wp-json\/wp\/v2\/users\/1"}],"replies":[{"embeddable":true,"href":"https:\/\/permbledhja.com\/sq\/wp-json\/wp\/v2\/comments?post=10973"}],"version-history":[{"count":1,"href":"https:\/\/permbledhja.com\/sq\/wp-json\/wp\/v2\/posts\/10973\/revisions"}],"predecessor-version":[{"id":10975,"href":"https:\/\/permbledhja.com\/sq\/wp-json\/wp\/v2\/posts\/10973\/revisions\/10975"}],"wp:featuredmedia":[{"embeddable":true,"href":"https:\/\/permbledhja.com\/sq\/wp-json\/wp\/v2\/media\/10974"}],"wp:attachment":[{"href":"https:\/\/permbledhja.com\/sq\/wp-json\/wp\/v2\/media?parent=10973"}],"wp:term":[{"taxonomy":"category","embeddable":true,"href":"https:\/\/permbledhja.com\/sq\/wp-json\/wp\/v2\/categories?post=10973"},{"taxonomy":"post_tag","embeddable":true,"href":"https:\/\/permbledhja.com\/sq\/wp-json\/wp\/v2\/tags?post=10973"}],"curies":[{"name":"wp","href":"https:\/\/api.w.org\/{rel}","templated":true}]}}