{"id":10962,"date":"2022-12-26T18:34:22","date_gmt":"2022-12-26T18:34:22","guid":{"rendered":"https:\/\/permbledhja.com\/?p=10962"},"modified":"2022-12-26T18:34:22","modified_gmt":"2022-12-26T18:34:22","slug":"ish-ministri-kosovar-gashi-barrikadat-do-te-hiqen-me-10-janar","status":"publish","type":"post","link":"https:\/\/permbledhja.com\/sq\/ish-ministri-kosovar-gashi-barrikadat-do-te-hiqen-me-10-janar\/","title":{"rendered":"Ish-ministri kosovar, Gashi: Barrikadat do t\u00eb hiqen me 10 janar"},"content":{"rendered":"<p>Ish-ministri p\u00ebr Kthim dhe Komunitete n\u00eb Kosov\u00eb, Milazim Gashi ka th\u00ebn\u00eb se barrikadat do t\u00eb hiqen me 10 janar.<\/p>\n<p>Ai thot\u00eb se t\u00eb nj\u00ebjtat barrikada mund t\u00eb hiqen brenda 24-or\u00ebve n\u00ebse KFOR-i do, megjithat\u00eb sipas tij misioni paqeruajt\u00ebs nuk do t&#8217;i dhuroj\u00eb konotacion tjet\u00ebr k\u00ebtij bllokimi.<\/p>\n<p>Si\u00e7 thot\u00eb Gashi, zhbllokimi pritet t\u00eb ndodh\u00eb pas festave.<\/p>\n<p>\u201cPuna e barrikadave \u00ebsht\u00eb pun\u00eb teknike. Pasi tash jemi edhe n\u00eb prag t\u00eb festave. KFOR-i brenda 24 or\u00ebve me kapacitetet q\u00eb i ka, do t\u2019i largoj barrikadat. Kjo situat\u00eb do t\u00eb zhbllokohet pas festave, deri m\u00eb 10 janar planifikohen t\u00eb largohen.<\/p>\n<p>Por, s\u2019po don t\u2019i japain konetacion disa grupeve, sepse tash kemi t\u00eb b\u00ebjm\u00eb me grupe t\u00eb financuara nga Serbia. Jan\u00eb t\u00eb planifikuara edhe pistat q\u00eb komunikojn\u00eb edhe me pjes\u00ebn civile n\u00eb veri. Qytetar\u00ebt serb n\u00eb veri jan\u00eb shum\u00eb t\u00eb zhg\u00ebnjyer edhe me institucionet e Kosov\u00ebs\u201d, tha Gashi n\u00eb Kanal10.<\/p>\n","protected":false},"excerpt":{"rendered":"<p>Ish-ministri p\u00ebr Kthim dhe Komunitete n\u00eb Kosov\u00eb, Milazim Gashi ka th\u00ebn\u00eb se barrikadat do t\u00eb hiqen me 10 janar. Ai thot\u00eb se t\u00eb nj\u00ebjtat barrikada mund t\u00eb hiqen brenda 24-or\u00ebve n\u00ebse KFOR-i do, megjithat\u00eb sipas tij misioni paqeruajt\u00ebs nuk do t&#8217;i dhuroj\u00eb konotacion tjet\u00ebr k\u00ebtij bllokimi. Si\u00e7 thot\u00eb Gashi, zhbllokimi pritet t\u00eb ndodh\u00eb pas festave. [&hellip;]<\/p>\n","protected":false},"author":1,"featured_media":10892,"comment_status":"closed","ping_status":"closed","sticky":false,"template":"","format":"standard","meta":{"_monsterinsights_skip_tracking":false,"_monsterinsights_sitenote_active":false,"_monsterinsights_sitenote_note":"","_monsterinsights_sitenote_category":0,"_uf_show_specific_survey":0,"_uf_disable_surveys":false,"footnotes":""},"categories":[1146],"tags":[1210,1263],"yoast_head":"<!-- This site is optimized with the Yoast SEO plugin v21.5 - https:\/\/yoast.com\/wordpress\/plugins\/seo\/ -->\n<title>Ish-ministri kosovar, Gashi: Barrikadat do t\u00eb hiqen me 10 janar<\/title>\n<meta name=\"robots\" content=\"index, follow, max-snippet:-1, max-image-preview:large, max-video-preview:-1\" \/>\n<link rel=\"canonical\" href=\"https:\/\/permbledhja.com\/sq\/ish-ministri-kosovar-gashi-barrikadat-do-te-hiqen-me-10-janar\/\" \/>\n<meta property=\"og:locale\" content=\"sq_AL\" \/>\n<meta property=\"og:type\" content=\"article\" \/>\n<meta property=\"og:title\" content=\"Ish-ministri kosovar, Gashi: Barrikadat do t\u00eb hiqen me 10 janar\" \/>\n<meta property=\"og:description\" content=\"Ish-ministri p\u00ebr Kthim dhe Komunitete n\u00eb Kosov\u00eb, Milazim Gashi ka th\u00ebn\u00eb se barrikadat do t\u00eb hiqen me 10 janar. Ai thot\u00eb se t\u00eb nj\u00ebjtat barrikada mund t\u00eb hiqen brenda 24-or\u00ebve n\u00ebse KFOR-i do, megjithat\u00eb sipas tij misioni paqeruajt\u00ebs nuk do t&#8217;i dhuroj\u00eb konotacion tjet\u00ebr k\u00ebtij bllokimi. Si\u00e7 thot\u00eb Gashi, zhbllokimi pritet t\u00eb ndodh\u00eb pas festave. [&hellip;]\" \/>\n<meta property=\"og:url\" content=\"https:\/\/permbledhja.com\/sq\/ish-ministri-kosovar-gashi-barrikadat-do-te-hiqen-me-10-janar\/\" \/>\n<meta property=\"og:site_name\" content=\"Ve\u00e7 artikuj p\u00ebrmbledh\u00ebs\" \/>\n<meta property=\"article:publisher\" content=\"https:\/\/www.facebook.com\/press07\/\" \/>\n<meta property=\"article:author\" content=\"https:\/\/www.facebook.com\/kafexhiu.muharrem\/\" \/>\n<meta property=\"article:published_time\" content=\"2022-12-26T18:34:22+00:00\" \/>\n<meta property=\"og:image\" content=\"https:\/\/permbledhja.com\/wp-content\/uploads\/2022\/12\/fytyre-e-pranueshme.png\" \/>\n\t<meta property=\"og:image:width\" content=\"838\" \/>\n\t<meta property=\"og:image:height\" content=\"515\" \/>\n\t<meta property=\"og:image:type\" content=\"image\/png\" \/>\n<meta name=\"author\" content=\"P\u00ebrmbledhja\" \/>\n<meta name=\"twitter:card\" content=\"summary_large_image\" \/>\n<meta name=\"twitter:label1\" content=\"Written by\" \/>\n\t<meta name=\"twitter:data1\" content=\"P\u00ebrmbledhja\" \/>\n\t<meta name=\"twitter:label2\" content=\"Est. reading time\" \/>\n\t<meta name=\"twitter:data2\" content=\"1 minut\u00eb\" \/>\n<script type=\"application\/ld+json\" class=\"yoast-schema-graph\">{\"@context\":\"https:\/\/schema.org\",\"@graph\":[{\"@type\":\"Article\",\"@id\":\"https:\/\/permbledhja.com\/ish-ministri-kosovar-gashi-barrikadat-do-te-hiqen-me-10-janar\/#article\",\"isPartOf\":{\"@id\":\"https:\/\/permbledhja.com\/ish-ministri-kosovar-gashi-barrikadat-do-te-hiqen-me-10-janar\/\"},\"author\":{\"name\":\"P\u00ebrmbledhja\",\"@id\":\"https:\/\/permbledhja.com\/#\/schema\/person\/0d064377258d3221e50693947b9eb4fe\"},\"headline\":\"Ish-ministri kosovar, Gashi: Barrikadat do t\u00eb hiqen me 10 janar\",\"datePublished\":\"2022-12-26T18:34:22+00:00\",\"dateModified\":\"2022-12-26T18:34:22+00:00\",\"mainEntityOfPage\":{\"@id\":\"https:\/\/permbledhja.com\/ish-ministri-kosovar-gashi-barrikadat-do-te-hiqen-me-10-janar\/\"},\"wordCount\":168,\"publisher\":{\"@id\":\"https:\/\/permbledhja.com\/#organization\"},\"keywords\":[\"Barrikadat\",\"Milazim Gashi\"],\"articleSection\":[\"Kryesoret\"],\"inLanguage\":\"sq\"},{\"@type\":\"WebPage\",\"@id\":\"https:\/\/permbledhja.com\/ish-ministri-kosovar-gashi-barrikadat-do-te-hiqen-me-10-janar\/\",\"url\":\"https:\/\/permbledhja.com\/ish-ministri-kosovar-gashi-barrikadat-do-te-hiqen-me-10-janar\/\",\"name\":\"Ish-ministri kosovar, Gashi: Barrikadat do t\u00eb hiqen me 10 janar\",\"isPartOf\":{\"@id\":\"https:\/\/permbledhja.com\/#website\"},\"datePublished\":\"2022-12-26T18:34:22+00:00\",\"dateModified\":\"2022-12-26T18:34:22+00:00\",\"breadcrumb\":{\"@id\":\"https:\/\/permbledhja.com\/ish-ministri-kosovar-gashi-barrikadat-do-te-hiqen-me-10-janar\/#breadcrumb\"},\"inLanguage\":\"sq\",\"potentialAction\":[{\"@type\":\"ReadAction\",\"target\":[\"https:\/\/permbledhja.com\/ish-ministri-kosovar-gashi-barrikadat-do-te-hiqen-me-10-janar\/\"]}]},{\"@type\":\"BreadcrumbList\",\"@id\":\"https:\/\/permbledhja.com\/ish-ministri-kosovar-gashi-barrikadat-do-te-hiqen-me-10-janar\/#breadcrumb\",\"itemListElement\":[{\"@type\":\"ListItem\",\"position\":1,\"name\":\"Ballina\",\"item\":\"https:\/\/permbledhja.com\/sq\/\"},{\"@type\":\"ListItem\",\"position\":2,\"name\":\"Ish-ministri kosovar, Gashi: Barrikadat do t\u00eb hiqen me 10 janar\"}]},{\"@type\":\"WebSite\",\"@id\":\"https:\/\/permbledhja.com\/#website\",\"url\":\"https:\/\/permbledhja.com\/\",\"name\":\"Ve\u00e7 artikuj p\u00ebrmbledh\u00ebs\",\"description\":\"\",\"publisher\":{\"@id\":\"https:\/\/permbledhja.com\/#organization\"},\"potentialAction\":[{\"@type\":\"SearchAction\",\"target\":{\"@type\":\"EntryPoint\",\"urlTemplate\":\"https:\/\/permbledhja.com\/?s={search_term_string}\"},\"query-input\":\"required name=search_term_string\"}],\"inLanguage\":\"sq\"},{\"@type\":\"Organization\",\"@id\":\"https:\/\/permbledhja.com\/#organization\",\"name\":\"MK Media & Pr\",\"url\":\"https:\/\/permbledhja.com\/\",\"logo\":{\"@type\":\"ImageObject\",\"inLanguage\":\"sq\",\"@id\":\"https:\/\/permbledhja.com\/#\/schema\/logo\/image\/\",\"url\":\"https:\/\/permbledhja.com\/wp-content\/uploads\/2021\/12\/07-Press-Logo.jpg\",\"contentUrl\":\"https:\/\/permbledhja.com\/wp-content\/uploads\/2021\/12\/07-Press-Logo.jpg\",\"width\":512,\"height\":512,\"caption\":\"MK Media & Pr\"},\"image\":{\"@id\":\"https:\/\/permbledhja.com\/#\/schema\/logo\/image\/\"},\"sameAs\":[\"https:\/\/www.facebook.com\/press07\/\"]},{\"@type\":\"Person\",\"@id\":\"https:\/\/permbledhja.com\/#\/schema\/person\/0d064377258d3221e50693947b9eb4fe\",\"name\":\"P\u00ebrmbledhja\",\"image\":{\"@type\":\"ImageObject\",\"inLanguage\":\"sq\",\"@id\":\"https:\/\/permbledhja.com\/#\/schema\/person\/image\/\",\"url\":\"https:\/\/permbledhja.com\/wp-content\/uploads\/2026\/01\/452004717_1040944174702970_8932037511805513407_n-96x96.jpg\",\"contentUrl\":\"https:\/\/permbledhja.com\/wp-content\/uploads\/2026\/01\/452004717_1040944174702970_8932037511805513407_n-96x96.jpg\",\"caption\":\"P\u00ebrmbledhja\"},\"sameAs\":[\"https:\/\/www.facebook.com\/kafexhiu.muharrem\/\",\"https:\/\/www.instagram.com\/muharrem_kafexhiu\/\"],\"url\":\"https:\/\/permbledhja.com\/sq\/author\/admin\/\"}]}<\/script>\n<!-- \/ Yoast SEO plugin. -->","yoast_head_json":{"title":"Ish-ministri kosovar, Gashi: Barrikadat do t\u00eb hiqen me 10 janar","robots":{"index":"index","follow":"follow","max-snippet":"max-snippet:-1","max-image-preview":"max-image-preview:large","max-video-preview":"max-video-preview:-1"},"canonical":"https:\/\/permbledhja.com\/sq\/ish-ministri-kosovar-gashi-barrikadat-do-te-hiqen-me-10-janar\/","og_locale":"sq_AL","og_type":"article","og_title":"Ish-ministri kosovar, Gashi: Barrikadat do t\u00eb hiqen me 10 janar","og_description":"Ish-ministri p\u00ebr Kthim dhe Komunitete n\u00eb Kosov\u00eb, Milazim Gashi ka th\u00ebn\u00eb se barrikadat do t\u00eb hiqen me 10 janar. Ai thot\u00eb se t\u00eb nj\u00ebjtat barrikada mund t\u00eb hiqen brenda 24-or\u00ebve n\u00ebse KFOR-i do, megjithat\u00eb sipas tij misioni paqeruajt\u00ebs nuk do t&#8217;i dhuroj\u00eb konotacion tjet\u00ebr k\u00ebtij bllokimi. Si\u00e7 thot\u00eb Gashi, zhbllokimi pritet t\u00eb ndodh\u00eb pas festave. [&hellip;]","og_url":"https:\/\/permbledhja.com\/sq\/ish-ministri-kosovar-gashi-barrikadat-do-te-hiqen-me-10-janar\/","og_site_name":"Ve\u00e7 artikuj p\u00ebrmbledh\u00ebs","article_publisher":"https:\/\/www.facebook.com\/press07\/","article_author":"https:\/\/www.facebook.com\/kafexhiu.muharrem\/","article_published_time":"2022-12-26T18:34:22+00:00","og_image":[{"width":838,"height":515,"url":"https:\/\/permbledhja.com\/wp-content\/uploads\/2022\/12\/fytyre-e-pranueshme.png","type":"image\/png"}],"author":"P\u00ebrmbledhja","twitter_card":"summary_large_image","twitter_misc":{"Written by":"P\u00ebrmbledhja","Est. reading time":"1 minut\u00eb"},"schema":{"@context":"https:\/\/schema.org","@graph":[{"@type":"Article","@id":"https:\/\/permbledhja.com\/ish-ministri-kosovar-gashi-barrikadat-do-te-hiqen-me-10-janar\/#article","isPartOf":{"@id":"https:\/\/permbledhja.com\/ish-ministri-kosovar-gashi-barrikadat-do-te-hiqen-me-10-janar\/"},"author":{"name":"P\u00ebrmbledhja","@id":"https:\/\/permbledhja.com\/#\/schema\/person\/0d064377258d3221e50693947b9eb4fe"},"headline":"Ish-ministri kosovar, Gashi: Barrikadat do t\u00eb hiqen me 10 janar","datePublished":"2022-12-26T18:34:22+00:00","dateModified":"2022-12-26T18:34:22+00:00","mainEntityOfPage":{"@id":"https:\/\/permbledhja.com\/ish-ministri-kosovar-gashi-barrikadat-do-te-hiqen-me-10-janar\/"},"wordCount":168,"publisher":{"@id":"https:\/\/permbledhja.com\/#organization"},"keywords":["Barrikadat","Milazim Gashi"],"articleSection":["Kryesoret"],"inLanguage":"sq"},{"@type":"WebPage","@id":"https:\/\/permbledhja.com\/ish-ministri-kosovar-gashi-barrikadat-do-te-hiqen-me-10-janar\/","url":"https:\/\/permbledhja.com\/ish-ministri-kosovar-gashi-barrikadat-do-te-hiqen-me-10-janar\/","name":"Ish-ministri kosovar, Gashi: Barrikadat do t\u00eb hiqen me 10 janar","isPartOf":{"@id":"https:\/\/permbledhja.com\/#website"},"datePublished":"2022-12-26T18:34:22+00:00","dateModified":"2022-12-26T18:34:22+00:00","breadcrumb":{"@id":"https:\/\/permbledhja.com\/ish-ministri-kosovar-gashi-barrikadat-do-te-hiqen-me-10-janar\/#breadcrumb"},"inLanguage":"sq","potentialAction":[{"@type":"ReadAction","target":["https:\/\/permbledhja.com\/ish-ministri-kosovar-gashi-barrikadat-do-te-hiqen-me-10-janar\/"]}]},{"@type":"BreadcrumbList","@id":"https:\/\/permbledhja.com\/ish-ministri-kosovar-gashi-barrikadat-do-te-hiqen-me-10-janar\/#breadcrumb","itemListElement":[{"@type":"ListItem","position":1,"name":"Ballina","item":"https:\/\/permbledhja.com\/sq\/"},{"@type":"ListItem","position":2,"name":"Ish-ministri kosovar, Gashi: Barrikadat do t\u00eb hiqen me 10 janar"}]},{"@type":"WebSite","@id":"https:\/\/permbledhja.com\/#website","url":"https:\/\/permbledhja.com\/","name":"Ve\u00e7 artikuj p\u00ebrmbledh\u00ebs","description":"","publisher":{"@id":"https:\/\/permbledhja.com\/#organization"},"potentialAction":[{"@type":"SearchAction","target":{"@type":"EntryPoint","urlTemplate":"https:\/\/permbledhja.com\/?s={search_term_string}"},"query-input":"required name=search_term_string"}],"inLanguage":"sq"},{"@type":"Organization","@id":"https:\/\/permbledhja.com\/#organization","name":"MK Media & Pr","url":"https:\/\/permbledhja.com\/","logo":{"@type":"ImageObject","inLanguage":"sq","@id":"https:\/\/permbledhja.com\/#\/schema\/logo\/image\/","url":"https:\/\/permbledhja.com\/wp-content\/uploads\/2021\/12\/07-Press-Logo.jpg","contentUrl":"https:\/\/permbledhja.com\/wp-content\/uploads\/2021\/12\/07-Press-Logo.jpg","width":512,"height":512,"caption":"MK Media & Pr"},"image":{"@id":"https:\/\/permbledhja.com\/#\/schema\/logo\/image\/"},"sameAs":["https:\/\/www.facebook.com\/press07\/"]},{"@type":"Person","@id":"https:\/\/permbledhja.com\/#\/schema\/person\/0d064377258d3221e50693947b9eb4fe","name":"P\u00ebrmbledhja","image":{"@type":"ImageObject","inLanguage":"sq","@id":"https:\/\/permbledhja.com\/#\/schema\/person\/image\/","url":"https:\/\/permbledhja.com\/wp-content\/uploads\/2026\/01\/452004717_1040944174702970_8932037511805513407_n-96x96.jpg","contentUrl":"https:\/\/permbledhja.com\/wp-content\/uploads\/2026\/01\/452004717_1040944174702970_8932037511805513407_n-96x96.jpg","caption":"P\u00ebrmbledhja"},"sameAs":["https:\/\/www.facebook.com\/kafexhiu.muharrem\/","https:\/\/www.instagram.com\/muharrem_kafexhiu\/"],"url":"https:\/\/permbledhja.com\/sq\/author\/admin\/"}]}},"_links":{"self":[{"href":"https:\/\/permbledhja.com\/sq\/wp-json\/wp\/v2\/posts\/10962"}],"collection":[{"href":"https:\/\/permbledhja.com\/sq\/wp-json\/wp\/v2\/posts"}],"about":[{"href":"https:\/\/permbledhja.com\/sq\/wp-json\/wp\/v2\/types\/post"}],"author":[{"embeddable":true,"href":"https:\/\/permbledhja.com\/sq\/wp-json\/wp\/v2\/users\/1"}],"replies":[{"embeddable":true,"href":"https:\/\/permbledhja.com\/sq\/wp-json\/wp\/v2\/comments?post=10962"}],"version-history":[{"count":1,"href":"https:\/\/permbledhja.com\/sq\/wp-json\/wp\/v2\/posts\/10962\/revisions"}],"predecessor-version":[{"id":10963,"href":"https:\/\/permbledhja.com\/sq\/wp-json\/wp\/v2\/posts\/10962\/revisions\/10963"}],"wp:featuredmedia":[{"embeddable":true,"href":"https:\/\/permbledhja.com\/sq\/wp-json\/wp\/v2\/media\/10892"}],"wp:attachment":[{"href":"https:\/\/permbledhja.com\/sq\/wp-json\/wp\/v2\/media?parent=10962"}],"wp:term":[{"taxonomy":"category","embeddable":true,"href":"https:\/\/permbledhja.com\/sq\/wp-json\/wp\/v2\/categories?post=10962"},{"taxonomy":"post_tag","embeddable":true,"href":"https:\/\/permbledhja.com\/sq\/wp-json\/wp\/v2\/tags?post=10962"}],"curies":[{"name":"wp","href":"https:\/\/api.w.org\/{rel}","templated":true}]}}