{"id":10960,"date":"2022-12-26T18:06:57","date_gmt":"2022-12-26T18:06:57","guid":{"rendered":"https:\/\/permbledhja.com\/?p=10960"},"modified":"2022-12-26T18:06:57","modified_gmt":"2022-12-26T18:06:57","slug":"krasniqi-thirrje-qeverise-hiqni-barrikadat-do-tju-mbeshtesim","status":"publish","type":"post","link":"https:\/\/permbledhja.com\/sq\/krasniqi-thirrje-qeverise-hiqni-barrikadat-do-tju-mbeshtesim\/","title":{"rendered":"Krasniqi thirrje qeveris\u00eb: Hiqni barrikadat, do t\u2019ju mb\u00ebshtesim"},"content":{"rendered":"<p>Memli Krasniqi, kryetar i Partis\u00eb Demokratike t\u00eb Kosov\u00ebs (PDK), ka k\u00ebrkuar nga Qeveria e Kosov\u00ebs q\u00eb t\u00eb veproj\u00eb e t\u2019i largoj\u00eb barrikadat n\u00eb pjes\u00ebn veriore.<\/p>\n<p>Ai ka th\u00ebn\u00eb se do ta mb\u00ebshtesin ekzekutivin n\u00eb k\u00ebt\u00eb pik\u00eb n\u00ebse veprojn\u00eb.<\/p>\n<p>Prandaj, si\u00e7 kam b\u00ebr\u00eb gjat\u00eb gjith\u00eb k\u00ebsaj kohe, disa her\u00eb, po e b\u00ebj k\u00ebt\u00eb thirrje p\u00ebrs\u00ebri sonte, uroj p\u00ebr her\u00eb t\u00eb fundit, ka th\u00ebn\u00eb Krasniqi\u201d.  Reagoni! Hiqni barrikadat! \u00c7do minut\u00eb q\u00eb po kalon, po rrezikon sovranitetin dhe integritetin territorial t\u00eb vendit. Qytetar\u00ebt kan\u00eb votuar p\u00ebr Qeveri q\u00eb e qeveris\u00eb krejt Kosov\u00ebn e jo vet\u00ebm deri te Ura e Ibrit. Andaj, mos u zbrapsni se do t\u00eb ju mb\u00ebshtesim t\u00eb gjith\u00eb\u201d.<\/p>\n<p>Krasniqi ka th\u00ebn\u00eb po ashtu se barrikadat jan\u00eb shnd\u00ebrruar n\u00eb politik\u00eb t\u00eb Vu\u00e7iqit.<\/p>\n<p>Qeveria duhet t\u00eb jet\u00eb vigjilente dhe t\u00eb reagoj sa m\u00eb shpejt\u00eb p\u00ebr t\u00eb hequr barrikadat t\u00eb cilat jan\u00eb kthyer n\u00eb punkte t\u00eb Vu\u00e7iqit, si tentim p\u00ebr ndarjen e Kosov\u00ebs. P\u00ebr k\u00ebt\u00eb, po e p\u00ebrs\u00ebris, Qeveria e ka mb\u00ebshtetjen time t\u00eb plot\u00eb\u201d, ka deklaruar ai. <\/p>\n","protected":false},"excerpt":{"rendered":"<p>Memli Krasniqi, kryetar i Partis\u00eb Demokratike t\u00eb Kosov\u00ebs (PDK), ka k\u00ebrkuar nga Qeveria e Kosov\u00ebs q\u00eb t\u00eb veproj\u00eb e t\u2019i largoj\u00eb barrikadat n\u00eb pjes\u00ebn veriore. Ai ka th\u00ebn\u00eb se do ta mb\u00ebshtesin ekzekutivin n\u00eb k\u00ebt\u00eb pik\u00eb n\u00ebse veprojn\u00eb. Prandaj, si\u00e7 kam b\u00ebr\u00eb gjat\u00eb gjith\u00eb k\u00ebsaj kohe, disa her\u00eb, po e b\u00ebj k\u00ebt\u00eb thirrje p\u00ebrs\u00ebri sonte, [&hellip;]<\/p>\n","protected":false},"author":1,"featured_media":9029,"comment_status":"closed","ping_status":"closed","sticky":false,"template":"","format":"standard","meta":{"_monsterinsights_skip_tracking":false,"_monsterinsights_sitenote_active":false,"_monsterinsights_sitenote_note":"","_monsterinsights_sitenote_category":0,"_uf_show_specific_survey":0,"_uf_disable_surveys":false,"footnotes":""},"categories":[1146],"tags":[137],"yoast_head":"<!-- This site is optimized with the Yoast SEO plugin v21.5 - https:\/\/yoast.com\/wordpress\/plugins\/seo\/ -->\n<title>Krasniqi thirrje qeveris\u00eb: Hiqni barrikadat, do t\u2019ju mb\u00ebshtesim<\/title>\n<meta name=\"robots\" content=\"index, follow, max-snippet:-1, max-image-preview:large, max-video-preview:-1\" \/>\n<link rel=\"canonical\" href=\"https:\/\/permbledhja.com\/sq\/krasniqi-thirrje-qeverise-hiqni-barrikadat-do-tju-mbeshtesim\/\" \/>\n<meta property=\"og:locale\" content=\"sq_AL\" \/>\n<meta property=\"og:type\" content=\"article\" \/>\n<meta property=\"og:title\" content=\"Krasniqi thirrje qeveris\u00eb: Hiqni barrikadat, do t\u2019ju mb\u00ebshtesim\" \/>\n<meta property=\"og:description\" content=\"Memli Krasniqi, kryetar i Partis\u00eb Demokratike t\u00eb Kosov\u00ebs (PDK), ka k\u00ebrkuar nga Qeveria e Kosov\u00ebs q\u00eb t\u00eb veproj\u00eb e t\u2019i largoj\u00eb barrikadat n\u00eb pjes\u00ebn veriore. Ai ka th\u00ebn\u00eb se do ta mb\u00ebshtesin ekzekutivin n\u00eb k\u00ebt\u00eb pik\u00eb n\u00ebse veprojn\u00eb. Prandaj, si\u00e7 kam b\u00ebr\u00eb gjat\u00eb gjith\u00eb k\u00ebsaj kohe, disa her\u00eb, po e b\u00ebj k\u00ebt\u00eb thirrje p\u00ebrs\u00ebri sonte, [&hellip;]\" \/>\n<meta property=\"og:url\" content=\"https:\/\/permbledhja.com\/sq\/krasniqi-thirrje-qeverise-hiqni-barrikadat-do-tju-mbeshtesim\/\" \/>\n<meta property=\"og:site_name\" content=\"Ve\u00e7 artikuj p\u00ebrmbledh\u00ebs\" \/>\n<meta property=\"article:publisher\" content=\"https:\/\/www.facebook.com\/press07\/\" \/>\n<meta property=\"article:author\" content=\"https:\/\/www.facebook.com\/kafexhiu.muharrem\/\" \/>\n<meta property=\"article:published_time\" content=\"2022-12-26T18:06:57+00:00\" \/>\n<meta property=\"og:image\" content=\"https:\/\/permbledhja.com\/wp-content\/uploads\/2022\/10\/Memli_Krasniqi.jpg\" \/>\n\t<meta property=\"og:image:width\" content=\"850\" \/>\n\t<meta property=\"og:image:height\" content=\"505\" \/>\n\t<meta property=\"og:image:type\" content=\"image\/jpeg\" \/>\n<meta name=\"author\" content=\"P\u00ebrmbledhja\" \/>\n<meta name=\"twitter:card\" content=\"summary_large_image\" \/>\n<meta name=\"twitter:label1\" content=\"Written by\" \/>\n\t<meta name=\"twitter:data1\" content=\"P\u00ebrmbledhja\" \/>\n\t<meta name=\"twitter:label2\" content=\"Est. reading time\" \/>\n\t<meta name=\"twitter:data2\" content=\"1 minut\u00eb\" \/>\n<script type=\"application\/ld+json\" class=\"yoast-schema-graph\">{\"@context\":\"https:\/\/schema.org\",\"@graph\":[{\"@type\":\"Article\",\"@id\":\"https:\/\/permbledhja.com\/krasniqi-thirrje-qeverise-hiqni-barrikadat-do-tju-mbeshtesim\/#article\",\"isPartOf\":{\"@id\":\"https:\/\/permbledhja.com\/krasniqi-thirrje-qeverise-hiqni-barrikadat-do-tju-mbeshtesim\/\"},\"author\":{\"name\":\"P\u00ebrmbledhja\",\"@id\":\"https:\/\/permbledhja.com\/#\/schema\/person\/0d064377258d3221e50693947b9eb4fe\"},\"headline\":\"Krasniqi thirrje qeveris\u00eb: Hiqni barrikadat, do t\u2019ju mb\u00ebshtesim\",\"datePublished\":\"2022-12-26T18:06:57+00:00\",\"dateModified\":\"2022-12-26T18:06:57+00:00\",\"mainEntityOfPage\":{\"@id\":\"https:\/\/permbledhja.com\/krasniqi-thirrje-qeverise-hiqni-barrikadat-do-tju-mbeshtesim\/\"},\"wordCount\":209,\"publisher\":{\"@id\":\"https:\/\/permbledhja.com\/#organization\"},\"keywords\":[\"Memli Krasniqi\"],\"articleSection\":[\"Kryesoret\"],\"inLanguage\":\"sq\"},{\"@type\":\"WebPage\",\"@id\":\"https:\/\/permbledhja.com\/krasniqi-thirrje-qeverise-hiqni-barrikadat-do-tju-mbeshtesim\/\",\"url\":\"https:\/\/permbledhja.com\/krasniqi-thirrje-qeverise-hiqni-barrikadat-do-tju-mbeshtesim\/\",\"name\":\"Krasniqi thirrje qeveris\u00eb: Hiqni barrikadat, do t\u2019ju mb\u00ebshtesim\",\"isPartOf\":{\"@id\":\"https:\/\/permbledhja.com\/#website\"},\"datePublished\":\"2022-12-26T18:06:57+00:00\",\"dateModified\":\"2022-12-26T18:06:57+00:00\",\"breadcrumb\":{\"@id\":\"https:\/\/permbledhja.com\/krasniqi-thirrje-qeverise-hiqni-barrikadat-do-tju-mbeshtesim\/#breadcrumb\"},\"inLanguage\":\"sq\",\"potentialAction\":[{\"@type\":\"ReadAction\",\"target\":[\"https:\/\/permbledhja.com\/krasniqi-thirrje-qeverise-hiqni-barrikadat-do-tju-mbeshtesim\/\"]}]},{\"@type\":\"BreadcrumbList\",\"@id\":\"https:\/\/permbledhja.com\/krasniqi-thirrje-qeverise-hiqni-barrikadat-do-tju-mbeshtesim\/#breadcrumb\",\"itemListElement\":[{\"@type\":\"ListItem\",\"position\":1,\"name\":\"Ballina\",\"item\":\"https:\/\/permbledhja.com\/sq\/\"},{\"@type\":\"ListItem\",\"position\":2,\"name\":\"Krasniqi thirrje qeveris\u00eb: Hiqni barrikadat, do t\u2019ju mb\u00ebshtesim\"}]},{\"@type\":\"WebSite\",\"@id\":\"https:\/\/permbledhja.com\/#website\",\"url\":\"https:\/\/permbledhja.com\/\",\"name\":\"Ve\u00e7 artikuj p\u00ebrmbledh\u00ebs\",\"description\":\"\",\"publisher\":{\"@id\":\"https:\/\/permbledhja.com\/#organization\"},\"potentialAction\":[{\"@type\":\"SearchAction\",\"target\":{\"@type\":\"EntryPoint\",\"urlTemplate\":\"https:\/\/permbledhja.com\/?s={search_term_string}\"},\"query-input\":\"required name=search_term_string\"}],\"inLanguage\":\"sq\"},{\"@type\":\"Organization\",\"@id\":\"https:\/\/permbledhja.com\/#organization\",\"name\":\"MK Media & Pr\",\"url\":\"https:\/\/permbledhja.com\/\",\"logo\":{\"@type\":\"ImageObject\",\"inLanguage\":\"sq\",\"@id\":\"https:\/\/permbledhja.com\/#\/schema\/logo\/image\/\",\"url\":\"https:\/\/permbledhja.com\/wp-content\/uploads\/2021\/12\/07-Press-Logo.jpg\",\"contentUrl\":\"https:\/\/permbledhja.com\/wp-content\/uploads\/2021\/12\/07-Press-Logo.jpg\",\"width\":512,\"height\":512,\"caption\":\"MK Media & Pr\"},\"image\":{\"@id\":\"https:\/\/permbledhja.com\/#\/schema\/logo\/image\/\"},\"sameAs\":[\"https:\/\/www.facebook.com\/press07\/\"]},{\"@type\":\"Person\",\"@id\":\"https:\/\/permbledhja.com\/#\/schema\/person\/0d064377258d3221e50693947b9eb4fe\",\"name\":\"P\u00ebrmbledhja\",\"image\":{\"@type\":\"ImageObject\",\"inLanguage\":\"sq\",\"@id\":\"https:\/\/permbledhja.com\/#\/schema\/person\/image\/\",\"url\":\"https:\/\/permbledhja.com\/wp-content\/uploads\/2026\/01\/452004717_1040944174702970_8932037511805513407_n-96x96.jpg\",\"contentUrl\":\"https:\/\/permbledhja.com\/wp-content\/uploads\/2026\/01\/452004717_1040944174702970_8932037511805513407_n-96x96.jpg\",\"caption\":\"P\u00ebrmbledhja\"},\"sameAs\":[\"https:\/\/www.facebook.com\/kafexhiu.muharrem\/\",\"https:\/\/www.instagram.com\/muharrem_kafexhiu\/\"],\"url\":\"https:\/\/permbledhja.com\/sq\/author\/admin\/\"}]}<\/script>\n<!-- \/ Yoast SEO plugin. -->","yoast_head_json":{"title":"Krasniqi thirrje qeveris\u00eb: Hiqni barrikadat, do t\u2019ju mb\u00ebshtesim","robots":{"index":"index","follow":"follow","max-snippet":"max-snippet:-1","max-image-preview":"max-image-preview:large","max-video-preview":"max-video-preview:-1"},"canonical":"https:\/\/permbledhja.com\/sq\/krasniqi-thirrje-qeverise-hiqni-barrikadat-do-tju-mbeshtesim\/","og_locale":"sq_AL","og_type":"article","og_title":"Krasniqi thirrje qeveris\u00eb: Hiqni barrikadat, do t\u2019ju mb\u00ebshtesim","og_description":"Memli Krasniqi, kryetar i Partis\u00eb Demokratike t\u00eb Kosov\u00ebs (PDK), ka k\u00ebrkuar nga Qeveria e Kosov\u00ebs q\u00eb t\u00eb veproj\u00eb e t\u2019i largoj\u00eb barrikadat n\u00eb pjes\u00ebn veriore. Ai ka th\u00ebn\u00eb se do ta mb\u00ebshtesin ekzekutivin n\u00eb k\u00ebt\u00eb pik\u00eb n\u00ebse veprojn\u00eb. Prandaj, si\u00e7 kam b\u00ebr\u00eb gjat\u00eb gjith\u00eb k\u00ebsaj kohe, disa her\u00eb, po e b\u00ebj k\u00ebt\u00eb thirrje p\u00ebrs\u00ebri sonte, [&hellip;]","og_url":"https:\/\/permbledhja.com\/sq\/krasniqi-thirrje-qeverise-hiqni-barrikadat-do-tju-mbeshtesim\/","og_site_name":"Ve\u00e7 artikuj p\u00ebrmbledh\u00ebs","article_publisher":"https:\/\/www.facebook.com\/press07\/","article_author":"https:\/\/www.facebook.com\/kafexhiu.muharrem\/","article_published_time":"2022-12-26T18:06:57+00:00","og_image":[{"width":850,"height":505,"url":"https:\/\/permbledhja.com\/wp-content\/uploads\/2022\/10\/Memli_Krasniqi.jpg","type":"image\/jpeg"}],"author":"P\u00ebrmbledhja","twitter_card":"summary_large_image","twitter_misc":{"Written by":"P\u00ebrmbledhja","Est. reading time":"1 minut\u00eb"},"schema":{"@context":"https:\/\/schema.org","@graph":[{"@type":"Article","@id":"https:\/\/permbledhja.com\/krasniqi-thirrje-qeverise-hiqni-barrikadat-do-tju-mbeshtesim\/#article","isPartOf":{"@id":"https:\/\/permbledhja.com\/krasniqi-thirrje-qeverise-hiqni-barrikadat-do-tju-mbeshtesim\/"},"author":{"name":"P\u00ebrmbledhja","@id":"https:\/\/permbledhja.com\/#\/schema\/person\/0d064377258d3221e50693947b9eb4fe"},"headline":"Krasniqi thirrje qeveris\u00eb: Hiqni barrikadat, do t\u2019ju mb\u00ebshtesim","datePublished":"2022-12-26T18:06:57+00:00","dateModified":"2022-12-26T18:06:57+00:00","mainEntityOfPage":{"@id":"https:\/\/permbledhja.com\/krasniqi-thirrje-qeverise-hiqni-barrikadat-do-tju-mbeshtesim\/"},"wordCount":209,"publisher":{"@id":"https:\/\/permbledhja.com\/#organization"},"keywords":["Memli Krasniqi"],"articleSection":["Kryesoret"],"inLanguage":"sq"},{"@type":"WebPage","@id":"https:\/\/permbledhja.com\/krasniqi-thirrje-qeverise-hiqni-barrikadat-do-tju-mbeshtesim\/","url":"https:\/\/permbledhja.com\/krasniqi-thirrje-qeverise-hiqni-barrikadat-do-tju-mbeshtesim\/","name":"Krasniqi thirrje qeveris\u00eb: Hiqni barrikadat, do t\u2019ju mb\u00ebshtesim","isPartOf":{"@id":"https:\/\/permbledhja.com\/#website"},"datePublished":"2022-12-26T18:06:57+00:00","dateModified":"2022-12-26T18:06:57+00:00","breadcrumb":{"@id":"https:\/\/permbledhja.com\/krasniqi-thirrje-qeverise-hiqni-barrikadat-do-tju-mbeshtesim\/#breadcrumb"},"inLanguage":"sq","potentialAction":[{"@type":"ReadAction","target":["https:\/\/permbledhja.com\/krasniqi-thirrje-qeverise-hiqni-barrikadat-do-tju-mbeshtesim\/"]}]},{"@type":"BreadcrumbList","@id":"https:\/\/permbledhja.com\/krasniqi-thirrje-qeverise-hiqni-barrikadat-do-tju-mbeshtesim\/#breadcrumb","itemListElement":[{"@type":"ListItem","position":1,"name":"Ballina","item":"https:\/\/permbledhja.com\/sq\/"},{"@type":"ListItem","position":2,"name":"Krasniqi thirrje qeveris\u00eb: Hiqni barrikadat, do t\u2019ju mb\u00ebshtesim"}]},{"@type":"WebSite","@id":"https:\/\/permbledhja.com\/#website","url":"https:\/\/permbledhja.com\/","name":"Ve\u00e7 artikuj p\u00ebrmbledh\u00ebs","description":"","publisher":{"@id":"https:\/\/permbledhja.com\/#organization"},"potentialAction":[{"@type":"SearchAction","target":{"@type":"EntryPoint","urlTemplate":"https:\/\/permbledhja.com\/?s={search_term_string}"},"query-input":"required name=search_term_string"}],"inLanguage":"sq"},{"@type":"Organization","@id":"https:\/\/permbledhja.com\/#organization","name":"MK Media & Pr","url":"https:\/\/permbledhja.com\/","logo":{"@type":"ImageObject","inLanguage":"sq","@id":"https:\/\/permbledhja.com\/#\/schema\/logo\/image\/","url":"https:\/\/permbledhja.com\/wp-content\/uploads\/2021\/12\/07-Press-Logo.jpg","contentUrl":"https:\/\/permbledhja.com\/wp-content\/uploads\/2021\/12\/07-Press-Logo.jpg","width":512,"height":512,"caption":"MK Media & Pr"},"image":{"@id":"https:\/\/permbledhja.com\/#\/schema\/logo\/image\/"},"sameAs":["https:\/\/www.facebook.com\/press07\/"]},{"@type":"Person","@id":"https:\/\/permbledhja.com\/#\/schema\/person\/0d064377258d3221e50693947b9eb4fe","name":"P\u00ebrmbledhja","image":{"@type":"ImageObject","inLanguage":"sq","@id":"https:\/\/permbledhja.com\/#\/schema\/person\/image\/","url":"https:\/\/permbledhja.com\/wp-content\/uploads\/2026\/01\/452004717_1040944174702970_8932037511805513407_n-96x96.jpg","contentUrl":"https:\/\/permbledhja.com\/wp-content\/uploads\/2026\/01\/452004717_1040944174702970_8932037511805513407_n-96x96.jpg","caption":"P\u00ebrmbledhja"},"sameAs":["https:\/\/www.facebook.com\/kafexhiu.muharrem\/","https:\/\/www.instagram.com\/muharrem_kafexhiu\/"],"url":"https:\/\/permbledhja.com\/sq\/author\/admin\/"}]}},"_links":{"self":[{"href":"https:\/\/permbledhja.com\/sq\/wp-json\/wp\/v2\/posts\/10960"}],"collection":[{"href":"https:\/\/permbledhja.com\/sq\/wp-json\/wp\/v2\/posts"}],"about":[{"href":"https:\/\/permbledhja.com\/sq\/wp-json\/wp\/v2\/types\/post"}],"author":[{"embeddable":true,"href":"https:\/\/permbledhja.com\/sq\/wp-json\/wp\/v2\/users\/1"}],"replies":[{"embeddable":true,"href":"https:\/\/permbledhja.com\/sq\/wp-json\/wp\/v2\/comments?post=10960"}],"version-history":[{"count":1,"href":"https:\/\/permbledhja.com\/sq\/wp-json\/wp\/v2\/posts\/10960\/revisions"}],"predecessor-version":[{"id":10961,"href":"https:\/\/permbledhja.com\/sq\/wp-json\/wp\/v2\/posts\/10960\/revisions\/10961"}],"wp:featuredmedia":[{"embeddable":true,"href":"https:\/\/permbledhja.com\/sq\/wp-json\/wp\/v2\/media\/9029"}],"wp:attachment":[{"href":"https:\/\/permbledhja.com\/sq\/wp-json\/wp\/v2\/media?parent=10960"}],"wp:term":[{"taxonomy":"category","embeddable":true,"href":"https:\/\/permbledhja.com\/sq\/wp-json\/wp\/v2\/categories?post=10960"},{"taxonomy":"post_tag","embeddable":true,"href":"https:\/\/permbledhja.com\/sq\/wp-json\/wp\/v2\/tags?post=10960"}],"curies":[{"name":"wp","href":"https:\/\/api.w.org\/{rel}","templated":true}]}}