{"id":10928,"date":"2022-12-26T14:24:28","date_gmt":"2022-12-26T14:24:28","guid":{"rendered":"https:\/\/permbledhja.com\/?p=10928"},"modified":"2022-12-26T14:24:28","modified_gmt":"2022-12-26T14:24:28","slug":"dite-tragjike-per-familjen-kjo-eshte-gruaja-qe-humbi-jeten-ne-aksidentin-e-rende-ne-peje","status":"publish","type":"post","link":"https:\/\/permbledhja.com\/sq\/dite-tragjike-per-familjen-kjo-eshte-gruaja-qe-humbi-jeten-ne-aksidentin-e-rende-ne-peje\/","title":{"rendered":"Dit\u00eb tragjike p\u00ebr familjen &#8211; kjo \u00ebsht\u00eb gruaja q\u00eb humbi jet\u00ebn n\u00eb aksidentin e r\u00ebnd\u00eb n\u00eb Pej\u00eb"},"content":{"rendered":"<p><strong>M\u00ebngjesi i sot\u00ebm nisi tragjikisht me nj\u00eb aksident me fatalitet n\u00eb fshatin Novosell\u00eb t\u00eb Pej\u00ebs, ku humbi jet\u00ebn nj\u00eb person dhe u l\u00ebnduan tre t\u00eb tjer\u00eb. <\/strong><\/p>\n<p>Personi q\u00eb dyshohet se e shkaktoi aksidentin \u00ebsht\u00eb zyrtarja policore H.Lajqi, e cila tashm\u00eb ndodhet n\u00eb QKUK, pasi p\u00ebsoi l\u00ebndime t\u00eb r\u00ebnda.<\/p>\n<p>Burimet nga QKUK kan\u00eb b\u00ebr\u00eb me dije se gruaja q\u00eb vdiq n\u00eb k\u00ebt\u00eb aksident trafiku \u00ebsht\u00eb Mehrije Muqaj, 50-vje\u00e7are, e cila ndodhej n\u00eb vetur\u00eb bashk\u00eb me dy familjar\u00eb t\u00eb saj, t\u00eb cil\u00ebt po ashtu jan\u00eb l\u00ebnduar r\u00ebnd\u00eb dhe ndodhen n\u00eb spital.<\/p>\n<p>Aksidenti ndodhi n\u00eb or\u00ebt e m\u00ebngjesit dhe sipas informacioneve t\u00eb para u shkaktua nga policja Lajqi, e cila dyshohet se nuk ka p\u00ebrshtatur shpejt\u00ebsin\u00eb e l\u00ebvizjes dhe \u00ebsht\u00eb p\u00ebrballur me vetur\u00ebn tjet\u00ebr t\u00eb familjes Muqaj.<\/p>\n<p>N\u00eb vendin e ngjarjes kan\u00eb intervenuar t\u00eb gjitha nj\u00ebsit\u00eb p\u00ebrkat\u00ebse, ku fillimisht \u00ebsht\u00eb konstatuar vdekja e viktim\u00ebs e m\u00eb pas jan\u00eb b\u00ebr\u00eb ekzaminimet e nevojshme.<\/p>\n<p>Edhe hetuesit e Inspektoratit Policor t\u00eb Kosov\u00ebs kan\u00eb dal\u00eb n\u00eb vendngjarje p\u00ebr shkak t\u00eb p\u00ebrfshirjes s\u00eb zyrtares policore n\u00eb aksident.<\/p>\n<p>Lajmin p\u00ebr Sinjalin e kan\u00eb konfirmuar edhe nga Policia dhe Prokuroria Themelore n\u00eb Pej\u00eb.<\/p>\n<p>\u201cN\u00eb or\u00ebn 07.45 n\u00eb fshatin Novosell\u00eb t\u00eb Pej\u00ebs policia \u00ebsht\u00eb njoftuar p\u00ebr nj\u00eb aksident trafiku, t\u00eb p\u00ebrfshira kan\u00eb qen\u00eb dy vetura. Tre persona jan\u00eb t\u00eb l\u00ebnduar, por m\u00eb von\u00eb jan\u00eb b\u00ebr\u00eb kat\u00ebr t\u00eb l\u00ebnduar. Nj\u00eb prej tyre ka vdekur, mjeku e ka konstatu vdekjen n\u00eb vendin e ngjarjes. Tre personat jan\u00eb d\u00ebrgu n\u00eb Emergjenc\u00eb m\u00eb pas n\u00eb QKUK. Gjithashtu n\u00eb vendin e ngjarjes ndodhet edhe IPK, pasi n\u00eb aksident ka qen\u00eb i p\u00ebrfshir\u00eb edhe nj\u00eb zyrtar policor\u201d, tha p\u00ebr Sinjalin z\u00ebdh\u00ebn\u00ebsi i Policis\u00eb p\u00ebr Rajonin e Pej\u00ebs Fadil Gashi.<\/p>\n<p><strong>Sh\u00ebnim: Personi i apostrofuar n\u00eb k\u00ebt\u00eb artikull prezumohet i pafajsh\u00ebm derisa faj\u00ebsia e tij t\u00eb mos provohet me vendim t\u00eb form\u00ebs s\u00eb prer\u00eb nga gjykata.<\/strong><\/p>\n","protected":false},"excerpt":{"rendered":"<p>M\u00ebngjesi i sot\u00ebm nisi tragjikisht me nj\u00eb aksident me fatalitet n\u00eb fshatin Novosell\u00eb t\u00eb Pej\u00ebs, ku humbi jet\u00ebn nj\u00eb person dhe u l\u00ebnduan tre t\u00eb tjer\u00eb. Personi q\u00eb dyshohet se e shkaktoi aksidentin \u00ebsht\u00eb zyrtarja policore H.Lajqi, e cila tashm\u00eb ndodhet n\u00eb QKUK, pasi p\u00ebsoi l\u00ebndime t\u00eb r\u00ebnda. Burimet nga QKUK kan\u00eb b\u00ebr\u00eb me dije [&hellip;]<\/p>\n","protected":false},"author":1,"featured_media":851,"comment_status":"closed","ping_status":"closed","sticky":false,"template":"","format":"standard","meta":{"_monsterinsights_skip_tracking":false,"_monsterinsights_sitenote_active":false,"_monsterinsights_sitenote_note":"","_monsterinsights_sitenote_category":0,"_uf_show_specific_survey":0,"_uf_disable_surveys":false,"footnotes":""},"categories":[23,15],"tags":[40,120],"yoast_head":"<!-- This site is optimized with the Yoast SEO plugin v21.5 - https:\/\/yoast.com\/wordpress\/plugins\/seo\/ -->\n<title>Dit\u00eb tragjike p\u00ebr familjen - kjo \u00ebsht\u00eb gruaja q\u00eb humbi jet\u00ebn n\u00eb aksidentin e r\u00ebnd\u00eb n\u00eb Pej\u00eb<\/title>\n<meta name=\"robots\" content=\"index, follow, max-snippet:-1, max-image-preview:large, max-video-preview:-1\" \/>\n<link rel=\"canonical\" href=\"https:\/\/permbledhja.com\/sq\/dite-tragjike-per-familjen-kjo-eshte-gruaja-qe-humbi-jeten-ne-aksidentin-e-rende-ne-peje\/\" \/>\n<meta property=\"og:locale\" content=\"sq_AL\" \/>\n<meta property=\"og:type\" content=\"article\" \/>\n<meta property=\"og:title\" content=\"Dit\u00eb tragjike p\u00ebr familjen - kjo \u00ebsht\u00eb gruaja q\u00eb humbi jet\u00ebn n\u00eb aksidentin e r\u00ebnd\u00eb n\u00eb Pej\u00eb\" \/>\n<meta property=\"og:description\" content=\"M\u00ebngjesi i sot\u00ebm nisi tragjikisht me nj\u00eb aksident me fatalitet n\u00eb fshatin Novosell\u00eb t\u00eb Pej\u00ebs, ku humbi jet\u00ebn nj\u00eb person dhe u l\u00ebnduan tre t\u00eb tjer\u00eb. Personi q\u00eb dyshohet se e shkaktoi aksidentin \u00ebsht\u00eb zyrtarja policore H.Lajqi, e cila tashm\u00eb ndodhet n\u00eb QKUK, pasi p\u00ebsoi l\u00ebndime t\u00eb r\u00ebnda. Burimet nga QKUK kan\u00eb b\u00ebr\u00eb me dije [&hellip;]\" \/>\n<meta property=\"og:url\" content=\"https:\/\/permbledhja.com\/sq\/dite-tragjike-per-familjen-kjo-eshte-gruaja-qe-humbi-jeten-ne-aksidentin-e-rende-ne-peje\/\" \/>\n<meta property=\"og:site_name\" content=\"Ve\u00e7 artikuj p\u00ebrmbledh\u00ebs\" \/>\n<meta property=\"article:publisher\" content=\"https:\/\/www.facebook.com\/press07\/\" \/>\n<meta property=\"article:author\" content=\"https:\/\/www.facebook.com\/kafexhiu.muharrem\/\" \/>\n<meta property=\"article:published_time\" content=\"2022-12-26T14:24:28+00:00\" \/>\n<meta property=\"og:image\" content=\"https:\/\/permbledhja.com\/wp-content\/uploads\/2022\/07\/Qiri.jpg\" \/>\n\t<meta property=\"og:image:width\" content=\"800\" \/>\n\t<meta property=\"og:image:height\" content=\"439\" \/>\n\t<meta property=\"og:image:type\" content=\"image\/jpeg\" \/>\n<meta name=\"author\" content=\"P\u00ebrmbledhja\" \/>\n<meta name=\"twitter:card\" content=\"summary_large_image\" \/>\n<meta name=\"twitter:label1\" content=\"Written by\" \/>\n\t<meta name=\"twitter:data1\" content=\"P\u00ebrmbledhja\" \/>\n\t<meta name=\"twitter:label2\" content=\"Est. reading time\" \/>\n\t<meta name=\"twitter:data2\" content=\"2 minuta\" \/>\n<script type=\"application\/ld+json\" class=\"yoast-schema-graph\">{\"@context\":\"https:\/\/schema.org\",\"@graph\":[{\"@type\":\"Article\",\"@id\":\"https:\/\/permbledhja.com\/dite-tragjike-per-familjen-kjo-eshte-gruaja-qe-humbi-jeten-ne-aksidentin-e-rende-ne-peje\/#article\",\"isPartOf\":{\"@id\":\"https:\/\/permbledhja.com\/dite-tragjike-per-familjen-kjo-eshte-gruaja-qe-humbi-jeten-ne-aksidentin-e-rende-ne-peje\/\"},\"author\":{\"name\":\"P\u00ebrmbledhja\",\"@id\":\"https:\/\/permbledhja.com\/#\/schema\/person\/0d064377258d3221e50693947b9eb4fe\"},\"headline\":\"Dit\u00eb tragjike p\u00ebr familjen &#8211; kjo \u00ebsht\u00eb gruaja q\u00eb humbi jet\u00ebn n\u00eb aksidentin e r\u00ebnd\u00eb n\u00eb Pej\u00eb\",\"datePublished\":\"2022-12-26T14:24:28+00:00\",\"dateModified\":\"2022-12-26T14:24:28+00:00\",\"mainEntityOfPage\":{\"@id\":\"https:\/\/permbledhja.com\/dite-tragjike-per-familjen-kjo-eshte-gruaja-qe-humbi-jeten-ne-aksidentin-e-rende-ne-peje\/\"},\"wordCount\":369,\"publisher\":{\"@id\":\"https:\/\/permbledhja.com\/#organization\"},\"keywords\":[\"Aksident\",\"Pej\u00eb\"],\"articleSection\":[\"Komb\u00ebtare\",\"Lajme\"],\"inLanguage\":\"sq\"},{\"@type\":\"WebPage\",\"@id\":\"https:\/\/permbledhja.com\/dite-tragjike-per-familjen-kjo-eshte-gruaja-qe-humbi-jeten-ne-aksidentin-e-rende-ne-peje\/\",\"url\":\"https:\/\/permbledhja.com\/dite-tragjike-per-familjen-kjo-eshte-gruaja-qe-humbi-jeten-ne-aksidentin-e-rende-ne-peje\/\",\"name\":\"Dit\u00eb tragjike p\u00ebr familjen - kjo \u00ebsht\u00eb gruaja q\u00eb humbi jet\u00ebn n\u00eb aksidentin e r\u00ebnd\u00eb n\u00eb Pej\u00eb\",\"isPartOf\":{\"@id\":\"https:\/\/permbledhja.com\/#website\"},\"datePublished\":\"2022-12-26T14:24:28+00:00\",\"dateModified\":\"2022-12-26T14:24:28+00:00\",\"breadcrumb\":{\"@id\":\"https:\/\/permbledhja.com\/dite-tragjike-per-familjen-kjo-eshte-gruaja-qe-humbi-jeten-ne-aksidentin-e-rende-ne-peje\/#breadcrumb\"},\"inLanguage\":\"sq\",\"potentialAction\":[{\"@type\":\"ReadAction\",\"target\":[\"https:\/\/permbledhja.com\/dite-tragjike-per-familjen-kjo-eshte-gruaja-qe-humbi-jeten-ne-aksidentin-e-rende-ne-peje\/\"]}]},{\"@type\":\"BreadcrumbList\",\"@id\":\"https:\/\/permbledhja.com\/dite-tragjike-per-familjen-kjo-eshte-gruaja-qe-humbi-jeten-ne-aksidentin-e-rende-ne-peje\/#breadcrumb\",\"itemListElement\":[{\"@type\":\"ListItem\",\"position\":1,\"name\":\"Ballina\",\"item\":\"https:\/\/permbledhja.com\/sq\/\"},{\"@type\":\"ListItem\",\"position\":2,\"name\":\"Dit\u00eb tragjike p\u00ebr familjen &#8211; kjo \u00ebsht\u00eb gruaja q\u00eb humbi jet\u00ebn n\u00eb aksidentin e r\u00ebnd\u00eb n\u00eb Pej\u00eb\"}]},{\"@type\":\"WebSite\",\"@id\":\"https:\/\/permbledhja.com\/#website\",\"url\":\"https:\/\/permbledhja.com\/\",\"name\":\"Ve\u00e7 artikuj p\u00ebrmbledh\u00ebs\",\"description\":\"\",\"publisher\":{\"@id\":\"https:\/\/permbledhja.com\/#organization\"},\"potentialAction\":[{\"@type\":\"SearchAction\",\"target\":{\"@type\":\"EntryPoint\",\"urlTemplate\":\"https:\/\/permbledhja.com\/?s={search_term_string}\"},\"query-input\":\"required name=search_term_string\"}],\"inLanguage\":\"sq\"},{\"@type\":\"Organization\",\"@id\":\"https:\/\/permbledhja.com\/#organization\",\"name\":\"MK Media & Pr\",\"url\":\"https:\/\/permbledhja.com\/\",\"logo\":{\"@type\":\"ImageObject\",\"inLanguage\":\"sq\",\"@id\":\"https:\/\/permbledhja.com\/#\/schema\/logo\/image\/\",\"url\":\"https:\/\/permbledhja.com\/wp-content\/uploads\/2021\/12\/07-Press-Logo.jpg\",\"contentUrl\":\"https:\/\/permbledhja.com\/wp-content\/uploads\/2021\/12\/07-Press-Logo.jpg\",\"width\":512,\"height\":512,\"caption\":\"MK Media & Pr\"},\"image\":{\"@id\":\"https:\/\/permbledhja.com\/#\/schema\/logo\/image\/\"},\"sameAs\":[\"https:\/\/www.facebook.com\/press07\/\"]},{\"@type\":\"Person\",\"@id\":\"https:\/\/permbledhja.com\/#\/schema\/person\/0d064377258d3221e50693947b9eb4fe\",\"name\":\"P\u00ebrmbledhja\",\"image\":{\"@type\":\"ImageObject\",\"inLanguage\":\"sq\",\"@id\":\"https:\/\/permbledhja.com\/#\/schema\/person\/image\/\",\"url\":\"https:\/\/permbledhja.com\/wp-content\/uploads\/2026\/01\/452004717_1040944174702970_8932037511805513407_n-96x96.jpg\",\"contentUrl\":\"https:\/\/permbledhja.com\/wp-content\/uploads\/2026\/01\/452004717_1040944174702970_8932037511805513407_n-96x96.jpg\",\"caption\":\"P\u00ebrmbledhja\"},\"sameAs\":[\"https:\/\/www.facebook.com\/kafexhiu.muharrem\/\",\"https:\/\/www.instagram.com\/muharrem_kafexhiu\/\"],\"url\":\"https:\/\/permbledhja.com\/sq\/author\/admin\/\"}]}<\/script>\n<!-- \/ Yoast SEO plugin. -->","yoast_head_json":{"title":"Dit\u00eb tragjike p\u00ebr familjen - kjo \u00ebsht\u00eb gruaja q\u00eb humbi jet\u00ebn n\u00eb aksidentin e r\u00ebnd\u00eb n\u00eb Pej\u00eb","robots":{"index":"index","follow":"follow","max-snippet":"max-snippet:-1","max-image-preview":"max-image-preview:large","max-video-preview":"max-video-preview:-1"},"canonical":"https:\/\/permbledhja.com\/sq\/dite-tragjike-per-familjen-kjo-eshte-gruaja-qe-humbi-jeten-ne-aksidentin-e-rende-ne-peje\/","og_locale":"sq_AL","og_type":"article","og_title":"Dit\u00eb tragjike p\u00ebr familjen - kjo \u00ebsht\u00eb gruaja q\u00eb humbi jet\u00ebn n\u00eb aksidentin e r\u00ebnd\u00eb n\u00eb Pej\u00eb","og_description":"M\u00ebngjesi i sot\u00ebm nisi tragjikisht me nj\u00eb aksident me fatalitet n\u00eb fshatin Novosell\u00eb t\u00eb Pej\u00ebs, ku humbi jet\u00ebn nj\u00eb person dhe u l\u00ebnduan tre t\u00eb tjer\u00eb. Personi q\u00eb dyshohet se e shkaktoi aksidentin \u00ebsht\u00eb zyrtarja policore H.Lajqi, e cila tashm\u00eb ndodhet n\u00eb QKUK, pasi p\u00ebsoi l\u00ebndime t\u00eb r\u00ebnda. Burimet nga QKUK kan\u00eb b\u00ebr\u00eb me dije [&hellip;]","og_url":"https:\/\/permbledhja.com\/sq\/dite-tragjike-per-familjen-kjo-eshte-gruaja-qe-humbi-jeten-ne-aksidentin-e-rende-ne-peje\/","og_site_name":"Ve\u00e7 artikuj p\u00ebrmbledh\u00ebs","article_publisher":"https:\/\/www.facebook.com\/press07\/","article_author":"https:\/\/www.facebook.com\/kafexhiu.muharrem\/","article_published_time":"2022-12-26T14:24:28+00:00","og_image":[{"width":800,"height":439,"url":"https:\/\/permbledhja.com\/wp-content\/uploads\/2022\/07\/Qiri.jpg","type":"image\/jpeg"}],"author":"P\u00ebrmbledhja","twitter_card":"summary_large_image","twitter_misc":{"Written by":"P\u00ebrmbledhja","Est. reading time":"2 minuta"},"schema":{"@context":"https:\/\/schema.org","@graph":[{"@type":"Article","@id":"https:\/\/permbledhja.com\/dite-tragjike-per-familjen-kjo-eshte-gruaja-qe-humbi-jeten-ne-aksidentin-e-rende-ne-peje\/#article","isPartOf":{"@id":"https:\/\/permbledhja.com\/dite-tragjike-per-familjen-kjo-eshte-gruaja-qe-humbi-jeten-ne-aksidentin-e-rende-ne-peje\/"},"author":{"name":"P\u00ebrmbledhja","@id":"https:\/\/permbledhja.com\/#\/schema\/person\/0d064377258d3221e50693947b9eb4fe"},"headline":"Dit\u00eb tragjike p\u00ebr familjen &#8211; kjo \u00ebsht\u00eb gruaja q\u00eb humbi jet\u00ebn n\u00eb aksidentin e r\u00ebnd\u00eb n\u00eb Pej\u00eb","datePublished":"2022-12-26T14:24:28+00:00","dateModified":"2022-12-26T14:24:28+00:00","mainEntityOfPage":{"@id":"https:\/\/permbledhja.com\/dite-tragjike-per-familjen-kjo-eshte-gruaja-qe-humbi-jeten-ne-aksidentin-e-rende-ne-peje\/"},"wordCount":369,"publisher":{"@id":"https:\/\/permbledhja.com\/#organization"},"keywords":["Aksident","Pej\u00eb"],"articleSection":["Komb\u00ebtare","Lajme"],"inLanguage":"sq"},{"@type":"WebPage","@id":"https:\/\/permbledhja.com\/dite-tragjike-per-familjen-kjo-eshte-gruaja-qe-humbi-jeten-ne-aksidentin-e-rende-ne-peje\/","url":"https:\/\/permbledhja.com\/dite-tragjike-per-familjen-kjo-eshte-gruaja-qe-humbi-jeten-ne-aksidentin-e-rende-ne-peje\/","name":"Dit\u00eb tragjike p\u00ebr familjen - kjo \u00ebsht\u00eb gruaja q\u00eb humbi jet\u00ebn n\u00eb aksidentin e r\u00ebnd\u00eb n\u00eb Pej\u00eb","isPartOf":{"@id":"https:\/\/permbledhja.com\/#website"},"datePublished":"2022-12-26T14:24:28+00:00","dateModified":"2022-12-26T14:24:28+00:00","breadcrumb":{"@id":"https:\/\/permbledhja.com\/dite-tragjike-per-familjen-kjo-eshte-gruaja-qe-humbi-jeten-ne-aksidentin-e-rende-ne-peje\/#breadcrumb"},"inLanguage":"sq","potentialAction":[{"@type":"ReadAction","target":["https:\/\/permbledhja.com\/dite-tragjike-per-familjen-kjo-eshte-gruaja-qe-humbi-jeten-ne-aksidentin-e-rende-ne-peje\/"]}]},{"@type":"BreadcrumbList","@id":"https:\/\/permbledhja.com\/dite-tragjike-per-familjen-kjo-eshte-gruaja-qe-humbi-jeten-ne-aksidentin-e-rende-ne-peje\/#breadcrumb","itemListElement":[{"@type":"ListItem","position":1,"name":"Ballina","item":"https:\/\/permbledhja.com\/sq\/"},{"@type":"ListItem","position":2,"name":"Dit\u00eb tragjike p\u00ebr familjen &#8211; kjo \u00ebsht\u00eb gruaja q\u00eb humbi jet\u00ebn n\u00eb aksidentin e r\u00ebnd\u00eb n\u00eb Pej\u00eb"}]},{"@type":"WebSite","@id":"https:\/\/permbledhja.com\/#website","url":"https:\/\/permbledhja.com\/","name":"Ve\u00e7 artikuj p\u00ebrmbledh\u00ebs","description":"","publisher":{"@id":"https:\/\/permbledhja.com\/#organization"},"potentialAction":[{"@type":"SearchAction","target":{"@type":"EntryPoint","urlTemplate":"https:\/\/permbledhja.com\/?s={search_term_string}"},"query-input":"required name=search_term_string"}],"inLanguage":"sq"},{"@type":"Organization","@id":"https:\/\/permbledhja.com\/#organization","name":"MK Media & Pr","url":"https:\/\/permbledhja.com\/","logo":{"@type":"ImageObject","inLanguage":"sq","@id":"https:\/\/permbledhja.com\/#\/schema\/logo\/image\/","url":"https:\/\/permbledhja.com\/wp-content\/uploads\/2021\/12\/07-Press-Logo.jpg","contentUrl":"https:\/\/permbledhja.com\/wp-content\/uploads\/2021\/12\/07-Press-Logo.jpg","width":512,"height":512,"caption":"MK Media & Pr"},"image":{"@id":"https:\/\/permbledhja.com\/#\/schema\/logo\/image\/"},"sameAs":["https:\/\/www.facebook.com\/press07\/"]},{"@type":"Person","@id":"https:\/\/permbledhja.com\/#\/schema\/person\/0d064377258d3221e50693947b9eb4fe","name":"P\u00ebrmbledhja","image":{"@type":"ImageObject","inLanguage":"sq","@id":"https:\/\/permbledhja.com\/#\/schema\/person\/image\/","url":"https:\/\/permbledhja.com\/wp-content\/uploads\/2026\/01\/452004717_1040944174702970_8932037511805513407_n-96x96.jpg","contentUrl":"https:\/\/permbledhja.com\/wp-content\/uploads\/2026\/01\/452004717_1040944174702970_8932037511805513407_n-96x96.jpg","caption":"P\u00ebrmbledhja"},"sameAs":["https:\/\/www.facebook.com\/kafexhiu.muharrem\/","https:\/\/www.instagram.com\/muharrem_kafexhiu\/"],"url":"https:\/\/permbledhja.com\/sq\/author\/admin\/"}]}},"_links":{"self":[{"href":"https:\/\/permbledhja.com\/sq\/wp-json\/wp\/v2\/posts\/10928"}],"collection":[{"href":"https:\/\/permbledhja.com\/sq\/wp-json\/wp\/v2\/posts"}],"about":[{"href":"https:\/\/permbledhja.com\/sq\/wp-json\/wp\/v2\/types\/post"}],"author":[{"embeddable":true,"href":"https:\/\/permbledhja.com\/sq\/wp-json\/wp\/v2\/users\/1"}],"replies":[{"embeddable":true,"href":"https:\/\/permbledhja.com\/sq\/wp-json\/wp\/v2\/comments?post=10928"}],"version-history":[{"count":1,"href":"https:\/\/permbledhja.com\/sq\/wp-json\/wp\/v2\/posts\/10928\/revisions"}],"predecessor-version":[{"id":10929,"href":"https:\/\/permbledhja.com\/sq\/wp-json\/wp\/v2\/posts\/10928\/revisions\/10929"}],"wp:featuredmedia":[{"embeddable":true,"href":"https:\/\/permbledhja.com\/sq\/wp-json\/wp\/v2\/media\/851"}],"wp:attachment":[{"href":"https:\/\/permbledhja.com\/sq\/wp-json\/wp\/v2\/media?parent=10928"}],"wp:term":[{"taxonomy":"category","embeddable":true,"href":"https:\/\/permbledhja.com\/sq\/wp-json\/wp\/v2\/categories?post=10928"},{"taxonomy":"post_tag","embeddable":true,"href":"https:\/\/permbledhja.com\/sq\/wp-json\/wp\/v2\/tags?post=10928"}],"curies":[{"name":"wp","href":"https:\/\/api.w.org\/{rel}","templated":true}]}}