{"id":10875,"date":"2022-12-25T11:21:36","date_gmt":"2022-12-25T11:21:36","guid":{"rendered":"https:\/\/permbledhja.com\/?p=10875"},"modified":"2022-12-25T11:21:36","modified_gmt":"2022-12-25T11:21:36","slug":"a-po-i-vjen-fundi-pritjes-kurti-thote-se-per-3-dite-do-te-emeroje-ministrin-e-shendetesise","status":"publish","type":"post","link":"https:\/\/permbledhja.com\/sq\/a-po-i-vjen-fundi-pritjes-kurti-thote-se-per-3-dite-do-te-emeroje-ministrin-e-shendetesise\/","title":{"rendered":"A po i vjen fundi pritjes? Kurti thot\u00eb se p\u00ebr 3 dit\u00eb do t\u00eb em\u00ebroj\u00eb ministrin e Sh\u00ebndet\u00ebsis\u00eb"},"content":{"rendered":"<p>Nd\u00ebrsa sektori i Sh\u00ebndet\u00ebsis\u00eb, koh\u00ebve t\u00eb fundit \u00ebsht\u00eb shnd\u00ebrruar n\u00eb nj\u00eb nga m\u00eb problematik\u00ebt n\u00eb vend, ku p\u00ebrve\u00e7 skandaleve t\u00eb ndodhura n\u00ebp\u00ebr spitale, n\u00eb k\u00ebt\u00eb department jetik pacient\u00ebt p\u00ebrballen edhe me mungesen e ila\u00e7eve baz\u00eb e materialeve shpenzuese. Q\u00eb nga 6 tetori, ky sektor nuk ka minist\u00ebr n\u00eb krye.<\/p>\n<p>Por, a po i vjen fundi k\u00ebsaj situate?<\/p>\n<p>Nj\u00eb dit\u00eb m\u00eb par\u00eb, media t\u00eb ndryshme raportuan p\u00ebr nj\u00eb rikthim t\u00eb mundsh\u00ebm t\u00eb ish-ministrit t\u00eb Sh\u00ebndet\u00ebsis\u00eb Arben Vitia, i cili kisht\u00eb dh\u00ebn\u00eb dor\u00ebheqje m\u00eb 1 tetor 2021. Nd\u00ebrsa, sot n\u00eb nj\u00eb konferenc\u00eb t\u00eb mbajtur p\u00ebr shtyp, ishte vet\u00eb kryeministri Albin Kurti, q\u00eb dha shenja se s\u00eb shpejti mund t\u00eb kemi nj\u00eb minist\u00ebr t\u00eb ri.<\/p>\n<p>N\u00eb konferenc\u00ebn e mbajtur bashk\u00eb me ministren e Ekonomis\u00eb, Artane Rizvanolli, Kurti u shpreh se para vitit t\u00eb ri do t\u00eb em\u00ebrohet edhe ministri i ri i Sh\u00ebndet\u00ebsis\u00eb.<\/p>\n<p>\u201cPo ne duhet ta marrim nj\u00eb vendim lidhur me MSH, k\u00ebt\u00eb do ta b\u00ebjm\u00eb para vitit t\u00eb ri. Konkretisht n\u00eb fillim t\u00eb jav\u00ebs s\u00eb ardhshem. Duhet t\u00eb keni pak durim pak dit\u00eb, jo m\u00eb shum\u00eb se tri dit\u00eb ose 72 or\u00eb po i bije, ndoshta edhe m\u00eb pak\u201d, tha Kurti.<\/p>\n<p>Kush mund t\u00eb jet\u00eb ministri i ri?<\/p>\n<p>Q\u00eb nga raportimet e lart\u00ebp\u00ebrmendura, p\u00ebr rikthimin e mundsh\u00ebm t\u00eb Arben Vitis\u00eb si minist\u00ebr i Sh\u00ebndet\u00ebsis\u00eb, Nacionale \u00ebsht\u00eb munduar t\u00eb kontaktoj\u00eb me zotin Vitia p\u00ebr t\u00eb marr\u00eb nj\u00eb p\u00ebrgjigje. Megjithat\u00eb, deri n\u00eb k\u00ebto momente nuk ka asgj\u00eb t\u00eb konfirmuar.<\/p>\n<p>Kujtojm\u00eb se, Vitia kishte dh\u00ebn\u00eb dor\u00ebheqje p\u00ebr t\u2019iu futur gar\u00ebs p\u00ebr kryetar t\u00eb Prishtin\u00ebs n\u00eb zgjedhjet lokale, ku doli i mundur nga kandidati i LDK-s\u00eb, P\u00ebrparim Rama. Q\u00eb at\u00ebher\u00eb, dihet se Vitia ishte em\u00ebruar drejtor i klinik\u00ebs \u2018OLIVE\u201d.<\/p>\n<p>Dita e 78 pa minist\u00ebr t\u00eb Sh\u00ebndet\u00ebsis\u00eb<\/p>\n<p>Gjith\u00eb kjo koh\u00eb e kaluar pa minist\u00ebr t\u00eb Sh\u00ebndet\u00ebsis\u00eb, q\u00eb si\u00e7 e cek\u00ebm m\u00eb lart\u00eb u shoq\u00ebrua edhe m\u00eb shum\u00eb skandale n\u00eb k\u00ebt\u00eb sektor, ka sjell\u00eb edhe reagime t\u00eb shumta nga partit\u00eb opozitare, t\u00eb cilat k\u00ebt\u00eb situata e kan\u00eb cil\u00ebsuar si nj\u00eb pap\u00ebrgjegj\u00ebsi totale t\u00eb qeveris\u00eb.<\/p>\n<p>Dy dit\u00eb m\u00eb par\u00eb, ishte kryetari i Lidhjes Demokratike t\u00eb Kosov\u00ebs, Lumir Abdixhiku, i cili tha se, n\u00eb nj\u00eb koh\u00eb kur do t\u00eb duhej t\u00eb flitej p\u00ebr zhvillimin e sh\u00ebndet\u00ebsis\u00eb, ne akoma jemi n\u00eb pritje t\u00eb ministrit t\u00eb ri.<\/p>\n<p>\u2018As kaq pak s\u2019mund t\u00eb b\u00ebjn\u00eb! As kaq pak s\u2019mund t\u2019i japin sh\u00ebndet\u00ebsis\u00eb. Nd\u00ebrsa, do t\u00eb duhej t\u00eb flisnim p\u00ebr spitale t\u00eb reja, pajisje e barna m\u00eb shum\u00eb, paga m\u00eb t\u00eb larta, sh\u00ebrbime m\u00eb t\u00eb denja e sigurime sh\u00ebndet\u00ebsore p\u00ebr qytetar\u00eb q\u00eb shpenzojn\u00eb qindra miliona euro jasht\u00eb vendit &#8211; ne jemi n\u00eb pritje t\u00eb nj\u00eb ministri pas 75 dit\u00ebve. Dhe as kaq pak s\u2019mund t\u00eb b\u00ebjn\u00eb; as edhe nj\u00eb minist\u00ebr ta caktojn\u00eb,\u201d ka shkruar n\u00eb Facebook, kreu i LDK-s\u00eb, duke e quajtuar qeverin\u00eb Kurti, si t\u00eb paaft\u00eb e t\u00eb pap\u00ebrgjegjshme.<\/p>\n<p>Reagimet m\u00eb t\u00eb fundit n\u00eb lidhje me munges\u00ebn e minsitrit t\u00eb Sh\u00ebndet\u00ebsis\u00eb, u shkaktuan ve\u00e7an\u00ebrisht nga skandali m\u00eb i fundit, i ndodhur n\u00eb spitalin e Pej\u00ebs, me foshnj\u00ebn e pajet\u00eb q\u00eb kishte p\u00ebrfunduar n\u00eb lavatri\u00e7e.<\/p>\n<p>N\u00ebnkryetarja e Partis\u00eb Demokratike t\u00eb Kosov\u00ebs, Vlora \u00c7itaku, p\u00ebrmes nj\u00eb postimi n\u00eb rrjete sociale, u drejtua duke dashur t\u00eb dij\u00eb se kush duhet t\u00eb mbaj\u00eb p\u00ebrgjegj\u00ebsi p\u00ebr k\u00ebto skandale, kur s\u2019ka nj\u00eb minist\u00ebr n\u00eb krye.<\/p>\n<p>\u201cKush mban\u00eb p\u00ebrgjegj\u00ebsi, tash kur s\u2019ka minister\u201d, ka shkruar \u00c7itaku, duke vazhduar m\u00eb tej me ironi, opozita? Mediat? \u201carmiqt\u00eb e pushtetit\u201d. Nd\u00ebrsa e ka p\u00ebrfunduar shkrimin me fjal\u00ebt, \u201cQeverisje pa plan, pa vizion, pa njer\u00ebz.&#8221;<\/p>\n<p>Edhe deputeti i Aleanc\u00ebs p\u00ebr Ardhm\u00ebrin\u00eb e Kosov\u00ebs, Shemsedin Dreshaj, n\u00eb nj\u00eb prononcim t\u00eb dh\u00ebn\u00eb p\u00ebr Nacionalen, ka th\u00ebn\u00eb q\u00eb situata n\u00eb sh\u00ebndet\u00ebsi nuk \u00ebsht\u00eb e mir\u00eb, e duhet t\u00eb zgjihet sa m\u00eb par\u00eb.<\/p>\n<p>\u201cSinqerisht, situata n\u00eb sh\u00ebndet\u00ebsi nuk \u00ebsht\u00eb e mir\u00eb dhe duhet t\u00eb zgjidhet sa m\u00eb par\u00eb. Ministria t\u00eb funksionoj\u00eb pa prani t\u00eb ministrit, nuk \u00ebsht\u00eb n\u00eb rregull, nd\u00ebrsa p\u00ebrgjegj\u00ebsit\u00eb t&#8217;i mbaj\u00eb mbi vete kryeministri, i cili ka mjaft obligime t\u00eb tjera,\u201d \u00ebsht\u00eb shprehur, Dreshaj.<\/p>\n<p>Sot sh\u00ebnon dita e 78 pa minist\u00ebr t\u00eb Sh\u00ebndet\u00ebsis\u00eb, e nisur nga fjalimi i Kurtit, dita e 80-t\u00eb, do t\u00eb duhej t\u00eb jet\u00eb edhe dita e fundit.\/Nacionale<\/p>\n","protected":false},"excerpt":{"rendered":"<p>Nd\u00ebrsa sektori i Sh\u00ebndet\u00ebsis\u00eb, koh\u00ebve t\u00eb fundit \u00ebsht\u00eb shnd\u00ebrruar n\u00eb nj\u00eb nga m\u00eb problematik\u00ebt n\u00eb vend, ku p\u00ebrve\u00e7 skandaleve t\u00eb ndodhura n\u00ebp\u00ebr spitale, n\u00eb k\u00ebt\u00eb department jetik pacient\u00ebt p\u00ebrballen edhe me mungesen e ila\u00e7eve baz\u00eb e materialeve shpenzuese. Q\u00eb nga 6 tetori, ky sektor nuk ka minist\u00ebr n\u00eb krye. Por, a po i vjen fundi [&hellip;]<\/p>\n","protected":false},"author":1,"featured_media":3957,"comment_status":"closed","ping_status":"closed","sticky":false,"template":"","format":"standard","meta":{"_monsterinsights_skip_tracking":false,"_monsterinsights_sitenote_active":false,"_monsterinsights_sitenote_note":"","_monsterinsights_sitenote_category":0,"_uf_show_specific_survey":0,"_uf_disable_surveys":false,"footnotes":""},"categories":[1146],"tags":[86],"yoast_head":"<!-- This site is optimized with the Yoast SEO plugin v21.5 - https:\/\/yoast.com\/wordpress\/plugins\/seo\/ -->\n<title>A po i vjen fundi pritjes? Kurti thot\u00eb se p\u00ebr 3 dit\u00eb do t\u00eb em\u00ebroj\u00eb ministrin e Sh\u00ebndet\u00ebsis\u00eb<\/title>\n<meta name=\"robots\" content=\"index, follow, max-snippet:-1, max-image-preview:large, max-video-preview:-1\" \/>\n<link rel=\"canonical\" href=\"https:\/\/permbledhja.com\/sq\/a-po-i-vjen-fundi-pritjes-kurti-thote-se-per-3-dite-do-te-emeroje-ministrin-e-shendetesise\/\" \/>\n<meta property=\"og:locale\" content=\"sq_AL\" \/>\n<meta property=\"og:type\" content=\"article\" \/>\n<meta property=\"og:title\" content=\"A po i vjen fundi pritjes? Kurti thot\u00eb se p\u00ebr 3 dit\u00eb do t\u00eb em\u00ebroj\u00eb ministrin e Sh\u00ebndet\u00ebsis\u00eb\" \/>\n<meta property=\"og:description\" content=\"Nd\u00ebrsa sektori i Sh\u00ebndet\u00ebsis\u00eb, koh\u00ebve t\u00eb fundit \u00ebsht\u00eb shnd\u00ebrruar n\u00eb nj\u00eb nga m\u00eb problematik\u00ebt n\u00eb vend, ku p\u00ebrve\u00e7 skandaleve t\u00eb ndodhura n\u00ebp\u00ebr spitale, n\u00eb k\u00ebt\u00eb department jetik pacient\u00ebt p\u00ebrballen edhe me mungesen e ila\u00e7eve baz\u00eb e materialeve shpenzuese. Q\u00eb nga 6 tetori, ky sektor nuk ka minist\u00ebr n\u00eb krye. Por, a po i vjen fundi [&hellip;]\" \/>\n<meta property=\"og:url\" content=\"https:\/\/permbledhja.com\/sq\/a-po-i-vjen-fundi-pritjes-kurti-thote-se-per-3-dite-do-te-emeroje-ministrin-e-shendetesise\/\" \/>\n<meta property=\"og:site_name\" content=\"Ve\u00e7 artikuj p\u00ebrmbledh\u00ebs\" \/>\n<meta property=\"article:publisher\" content=\"https:\/\/www.facebook.com\/press07\/\" \/>\n<meta property=\"article:author\" content=\"https:\/\/www.facebook.com\/kafexhiu.muharrem\/\" \/>\n<meta property=\"article:published_time\" content=\"2022-12-25T11:21:36+00:00\" \/>\n<meta property=\"og:image\" content=\"https:\/\/permbledhja.com\/wp-content\/uploads\/2022\/08\/kurti.webp\" \/>\n\t<meta property=\"og:image:width\" content=\"696\" \/>\n\t<meta property=\"og:image:height\" content=\"464\" \/>\n\t<meta property=\"og:image:type\" content=\"image\/webp\" \/>\n<meta name=\"author\" content=\"P\u00ebrmbledhja\" \/>\n<meta name=\"twitter:card\" content=\"summary_large_image\" \/>\n<meta name=\"twitter:label1\" content=\"Written by\" \/>\n\t<meta name=\"twitter:data1\" content=\"P\u00ebrmbledhja\" \/>\n\t<meta name=\"twitter:label2\" content=\"Est. reading time\" \/>\n\t<meta name=\"twitter:data2\" content=\"4 minuta\" \/>\n<script type=\"application\/ld+json\" class=\"yoast-schema-graph\">{\"@context\":\"https:\/\/schema.org\",\"@graph\":[{\"@type\":\"Article\",\"@id\":\"https:\/\/permbledhja.com\/sq\/a-po-i-vjen-fundi-pritjes-kurti-thote-se-per-3-dite-do-te-emeroje-ministrin-e-shendetesise\/#article\",\"isPartOf\":{\"@id\":\"https:\/\/permbledhja.com\/sq\/a-po-i-vjen-fundi-pritjes-kurti-thote-se-per-3-dite-do-te-emeroje-ministrin-e-shendetesise\/\"},\"author\":{\"name\":\"P\u00ebrmbledhja\",\"@id\":\"https:\/\/permbledhja.com\/#\/schema\/person\/0d064377258d3221e50693947b9eb4fe\"},\"headline\":\"A po i vjen fundi pritjes? Kurti thot\u00eb se p\u00ebr 3 dit\u00eb do t\u00eb em\u00ebroj\u00eb ministrin e Sh\u00ebndet\u00ebsis\u00eb\",\"datePublished\":\"2022-12-25T11:21:36+00:00\",\"dateModified\":\"2022-12-25T11:21:36+00:00\",\"mainEntityOfPage\":{\"@id\":\"https:\/\/permbledhja.com\/sq\/a-po-i-vjen-fundi-pritjes-kurti-thote-se-per-3-dite-do-te-emeroje-ministrin-e-shendetesise\/\"},\"wordCount\":809,\"publisher\":{\"@id\":\"https:\/\/permbledhja.com\/#organization\"},\"keywords\":[\"Albin Kurti\"],\"articleSection\":[\"Kryesoret\"],\"inLanguage\":\"sq\"},{\"@type\":\"WebPage\",\"@id\":\"https:\/\/permbledhja.com\/sq\/a-po-i-vjen-fundi-pritjes-kurti-thote-se-per-3-dite-do-te-emeroje-ministrin-e-shendetesise\/\",\"url\":\"https:\/\/permbledhja.com\/sq\/a-po-i-vjen-fundi-pritjes-kurti-thote-se-per-3-dite-do-te-emeroje-ministrin-e-shendetesise\/\",\"name\":\"A po i vjen fundi pritjes? Kurti thot\u00eb se p\u00ebr 3 dit\u00eb do t\u00eb em\u00ebroj\u00eb ministrin e Sh\u00ebndet\u00ebsis\u00eb\",\"isPartOf\":{\"@id\":\"https:\/\/permbledhja.com\/#website\"},\"datePublished\":\"2022-12-25T11:21:36+00:00\",\"dateModified\":\"2022-12-25T11:21:36+00:00\",\"breadcrumb\":{\"@id\":\"https:\/\/permbledhja.com\/sq\/a-po-i-vjen-fundi-pritjes-kurti-thote-se-per-3-dite-do-te-emeroje-ministrin-e-shendetesise\/#breadcrumb\"},\"inLanguage\":\"sq\",\"potentialAction\":[{\"@type\":\"ReadAction\",\"target\":[\"https:\/\/permbledhja.com\/sq\/a-po-i-vjen-fundi-pritjes-kurti-thote-se-per-3-dite-do-te-emeroje-ministrin-e-shendetesise\/\"]}]},{\"@type\":\"BreadcrumbList\",\"@id\":\"https:\/\/permbledhja.com\/sq\/a-po-i-vjen-fundi-pritjes-kurti-thote-se-per-3-dite-do-te-emeroje-ministrin-e-shendetesise\/#breadcrumb\",\"itemListElement\":[{\"@type\":\"ListItem\",\"position\":1,\"name\":\"Ballina\",\"item\":\"https:\/\/permbledhja.com\/sq\/\"},{\"@type\":\"ListItem\",\"position\":2,\"name\":\"A po i vjen fundi pritjes? Kurti thot\u00eb se p\u00ebr 3 dit\u00eb do t\u00eb em\u00ebroj\u00eb ministrin e Sh\u00ebndet\u00ebsis\u00eb\"}]},{\"@type\":\"WebSite\",\"@id\":\"https:\/\/permbledhja.com\/#website\",\"url\":\"https:\/\/permbledhja.com\/\",\"name\":\"Ve\u00e7 artikuj p\u00ebrmbledh\u00ebs\",\"description\":\"\",\"publisher\":{\"@id\":\"https:\/\/permbledhja.com\/#organization\"},\"potentialAction\":[{\"@type\":\"SearchAction\",\"target\":{\"@type\":\"EntryPoint\",\"urlTemplate\":\"https:\/\/permbledhja.com\/?s={search_term_string}\"},\"query-input\":\"required name=search_term_string\"}],\"inLanguage\":\"sq\"},{\"@type\":\"Organization\",\"@id\":\"https:\/\/permbledhja.com\/#organization\",\"name\":\"MK Media & Pr\",\"url\":\"https:\/\/permbledhja.com\/\",\"logo\":{\"@type\":\"ImageObject\",\"inLanguage\":\"sq\",\"@id\":\"https:\/\/permbledhja.com\/#\/schema\/logo\/image\/\",\"url\":\"https:\/\/permbledhja.com\/wp-content\/uploads\/2021\/12\/07-Press-Logo.jpg\",\"contentUrl\":\"https:\/\/permbledhja.com\/wp-content\/uploads\/2021\/12\/07-Press-Logo.jpg\",\"width\":512,\"height\":512,\"caption\":\"MK Media & Pr\"},\"image\":{\"@id\":\"https:\/\/permbledhja.com\/#\/schema\/logo\/image\/\"},\"sameAs\":[\"https:\/\/www.facebook.com\/press07\/\"]},{\"@type\":\"Person\",\"@id\":\"https:\/\/permbledhja.com\/#\/schema\/person\/0d064377258d3221e50693947b9eb4fe\",\"name\":\"P\u00ebrmbledhja\",\"image\":{\"@type\":\"ImageObject\",\"inLanguage\":\"sq\",\"@id\":\"https:\/\/permbledhja.com\/#\/schema\/person\/image\/\",\"url\":\"https:\/\/permbledhja.com\/wp-content\/uploads\/2026\/01\/452004717_1040944174702970_8932037511805513407_n-96x96.jpg\",\"contentUrl\":\"https:\/\/permbledhja.com\/wp-content\/uploads\/2026\/01\/452004717_1040944174702970_8932037511805513407_n-96x96.jpg\",\"caption\":\"P\u00ebrmbledhja\"},\"sameAs\":[\"https:\/\/www.facebook.com\/kafexhiu.muharrem\/\",\"https:\/\/www.instagram.com\/muharrem_kafexhiu\/\"],\"url\":\"https:\/\/permbledhja.com\/sq\/author\/admin\/\"}]}<\/script>\n<!-- \/ Yoast SEO plugin. -->","yoast_head_json":{"title":"A po i vjen fundi pritjes? Kurti thot\u00eb se p\u00ebr 3 dit\u00eb do t\u00eb em\u00ebroj\u00eb ministrin e Sh\u00ebndet\u00ebsis\u00eb","robots":{"index":"index","follow":"follow","max-snippet":"max-snippet:-1","max-image-preview":"max-image-preview:large","max-video-preview":"max-video-preview:-1"},"canonical":"https:\/\/permbledhja.com\/sq\/a-po-i-vjen-fundi-pritjes-kurti-thote-se-per-3-dite-do-te-emeroje-ministrin-e-shendetesise\/","og_locale":"sq_AL","og_type":"article","og_title":"A po i vjen fundi pritjes? Kurti thot\u00eb se p\u00ebr 3 dit\u00eb do t\u00eb em\u00ebroj\u00eb ministrin e Sh\u00ebndet\u00ebsis\u00eb","og_description":"Nd\u00ebrsa sektori i Sh\u00ebndet\u00ebsis\u00eb, koh\u00ebve t\u00eb fundit \u00ebsht\u00eb shnd\u00ebrruar n\u00eb nj\u00eb nga m\u00eb problematik\u00ebt n\u00eb vend, ku p\u00ebrve\u00e7 skandaleve t\u00eb ndodhura n\u00ebp\u00ebr spitale, n\u00eb k\u00ebt\u00eb department jetik pacient\u00ebt p\u00ebrballen edhe me mungesen e ila\u00e7eve baz\u00eb e materialeve shpenzuese. Q\u00eb nga 6 tetori, ky sektor nuk ka minist\u00ebr n\u00eb krye. Por, a po i vjen fundi [&hellip;]","og_url":"https:\/\/permbledhja.com\/sq\/a-po-i-vjen-fundi-pritjes-kurti-thote-se-per-3-dite-do-te-emeroje-ministrin-e-shendetesise\/","og_site_name":"Ve\u00e7 artikuj p\u00ebrmbledh\u00ebs","article_publisher":"https:\/\/www.facebook.com\/press07\/","article_author":"https:\/\/www.facebook.com\/kafexhiu.muharrem\/","article_published_time":"2022-12-25T11:21:36+00:00","og_image":[{"width":696,"height":464,"url":"https:\/\/permbledhja.com\/wp-content\/uploads\/2022\/08\/kurti.webp","type":"image\/webp"}],"author":"P\u00ebrmbledhja","twitter_card":"summary_large_image","twitter_misc":{"Written by":"P\u00ebrmbledhja","Est. reading time":"4 minuta"},"schema":{"@context":"https:\/\/schema.org","@graph":[{"@type":"Article","@id":"https:\/\/permbledhja.com\/sq\/a-po-i-vjen-fundi-pritjes-kurti-thote-se-per-3-dite-do-te-emeroje-ministrin-e-shendetesise\/#article","isPartOf":{"@id":"https:\/\/permbledhja.com\/sq\/a-po-i-vjen-fundi-pritjes-kurti-thote-se-per-3-dite-do-te-emeroje-ministrin-e-shendetesise\/"},"author":{"name":"P\u00ebrmbledhja","@id":"https:\/\/permbledhja.com\/#\/schema\/person\/0d064377258d3221e50693947b9eb4fe"},"headline":"A po i vjen fundi pritjes? Kurti thot\u00eb se p\u00ebr 3 dit\u00eb do t\u00eb em\u00ebroj\u00eb ministrin e Sh\u00ebndet\u00ebsis\u00eb","datePublished":"2022-12-25T11:21:36+00:00","dateModified":"2022-12-25T11:21:36+00:00","mainEntityOfPage":{"@id":"https:\/\/permbledhja.com\/sq\/a-po-i-vjen-fundi-pritjes-kurti-thote-se-per-3-dite-do-te-emeroje-ministrin-e-shendetesise\/"},"wordCount":809,"publisher":{"@id":"https:\/\/permbledhja.com\/#organization"},"keywords":["Albin Kurti"],"articleSection":["Kryesoret"],"inLanguage":"sq"},{"@type":"WebPage","@id":"https:\/\/permbledhja.com\/sq\/a-po-i-vjen-fundi-pritjes-kurti-thote-se-per-3-dite-do-te-emeroje-ministrin-e-shendetesise\/","url":"https:\/\/permbledhja.com\/sq\/a-po-i-vjen-fundi-pritjes-kurti-thote-se-per-3-dite-do-te-emeroje-ministrin-e-shendetesise\/","name":"A po i vjen fundi pritjes? Kurti thot\u00eb se p\u00ebr 3 dit\u00eb do t\u00eb em\u00ebroj\u00eb ministrin e Sh\u00ebndet\u00ebsis\u00eb","isPartOf":{"@id":"https:\/\/permbledhja.com\/#website"},"datePublished":"2022-12-25T11:21:36+00:00","dateModified":"2022-12-25T11:21:36+00:00","breadcrumb":{"@id":"https:\/\/permbledhja.com\/sq\/a-po-i-vjen-fundi-pritjes-kurti-thote-se-per-3-dite-do-te-emeroje-ministrin-e-shendetesise\/#breadcrumb"},"inLanguage":"sq","potentialAction":[{"@type":"ReadAction","target":["https:\/\/permbledhja.com\/sq\/a-po-i-vjen-fundi-pritjes-kurti-thote-se-per-3-dite-do-te-emeroje-ministrin-e-shendetesise\/"]}]},{"@type":"BreadcrumbList","@id":"https:\/\/permbledhja.com\/sq\/a-po-i-vjen-fundi-pritjes-kurti-thote-se-per-3-dite-do-te-emeroje-ministrin-e-shendetesise\/#breadcrumb","itemListElement":[{"@type":"ListItem","position":1,"name":"Ballina","item":"https:\/\/permbledhja.com\/sq\/"},{"@type":"ListItem","position":2,"name":"A po i vjen fundi pritjes? Kurti thot\u00eb se p\u00ebr 3 dit\u00eb do t\u00eb em\u00ebroj\u00eb ministrin e Sh\u00ebndet\u00ebsis\u00eb"}]},{"@type":"WebSite","@id":"https:\/\/permbledhja.com\/#website","url":"https:\/\/permbledhja.com\/","name":"Ve\u00e7 artikuj p\u00ebrmbledh\u00ebs","description":"","publisher":{"@id":"https:\/\/permbledhja.com\/#organization"},"potentialAction":[{"@type":"SearchAction","target":{"@type":"EntryPoint","urlTemplate":"https:\/\/permbledhja.com\/?s={search_term_string}"},"query-input":"required name=search_term_string"}],"inLanguage":"sq"},{"@type":"Organization","@id":"https:\/\/permbledhja.com\/#organization","name":"MK Media & Pr","url":"https:\/\/permbledhja.com\/","logo":{"@type":"ImageObject","inLanguage":"sq","@id":"https:\/\/permbledhja.com\/#\/schema\/logo\/image\/","url":"https:\/\/permbledhja.com\/wp-content\/uploads\/2021\/12\/07-Press-Logo.jpg","contentUrl":"https:\/\/permbledhja.com\/wp-content\/uploads\/2021\/12\/07-Press-Logo.jpg","width":512,"height":512,"caption":"MK Media & Pr"},"image":{"@id":"https:\/\/permbledhja.com\/#\/schema\/logo\/image\/"},"sameAs":["https:\/\/www.facebook.com\/press07\/"]},{"@type":"Person","@id":"https:\/\/permbledhja.com\/#\/schema\/person\/0d064377258d3221e50693947b9eb4fe","name":"P\u00ebrmbledhja","image":{"@type":"ImageObject","inLanguage":"sq","@id":"https:\/\/permbledhja.com\/#\/schema\/person\/image\/","url":"https:\/\/permbledhja.com\/wp-content\/uploads\/2026\/01\/452004717_1040944174702970_8932037511805513407_n-96x96.jpg","contentUrl":"https:\/\/permbledhja.com\/wp-content\/uploads\/2026\/01\/452004717_1040944174702970_8932037511805513407_n-96x96.jpg","caption":"P\u00ebrmbledhja"},"sameAs":["https:\/\/www.facebook.com\/kafexhiu.muharrem\/","https:\/\/www.instagram.com\/muharrem_kafexhiu\/"],"url":"https:\/\/permbledhja.com\/sq\/author\/admin\/"}]}},"_links":{"self":[{"href":"https:\/\/permbledhja.com\/sq\/wp-json\/wp\/v2\/posts\/10875"}],"collection":[{"href":"https:\/\/permbledhja.com\/sq\/wp-json\/wp\/v2\/posts"}],"about":[{"href":"https:\/\/permbledhja.com\/sq\/wp-json\/wp\/v2\/types\/post"}],"author":[{"embeddable":true,"href":"https:\/\/permbledhja.com\/sq\/wp-json\/wp\/v2\/users\/1"}],"replies":[{"embeddable":true,"href":"https:\/\/permbledhja.com\/sq\/wp-json\/wp\/v2\/comments?post=10875"}],"version-history":[{"count":1,"href":"https:\/\/permbledhja.com\/sq\/wp-json\/wp\/v2\/posts\/10875\/revisions"}],"predecessor-version":[{"id":10876,"href":"https:\/\/permbledhja.com\/sq\/wp-json\/wp\/v2\/posts\/10875\/revisions\/10876"}],"wp:featuredmedia":[{"embeddable":true,"href":"https:\/\/permbledhja.com\/sq\/wp-json\/wp\/v2\/media\/3957"}],"wp:attachment":[{"href":"https:\/\/permbledhja.com\/sq\/wp-json\/wp\/v2\/media?parent=10875"}],"wp:term":[{"taxonomy":"category","embeddable":true,"href":"https:\/\/permbledhja.com\/sq\/wp-json\/wp\/v2\/categories?post=10875"},{"taxonomy":"post_tag","embeddable":true,"href":"https:\/\/permbledhja.com\/sq\/wp-json\/wp\/v2\/tags?post=10875"}],"curies":[{"name":"wp","href":"https:\/\/api.w.org\/{rel}","templated":true}]}}