{"id":10848,"date":"2022-12-22T14:38:20","date_gmt":"2022-12-22T14:38:20","guid":{"rendered":"https:\/\/permbledhja.com\/?p=10848"},"modified":"2022-12-22T14:38:20","modified_gmt":"2022-12-22T14:38:20","slug":"glauk-konjufca-nuk-voton-pro-ligji-per-pagat","status":"publish","type":"post","link":"https:\/\/permbledhja.com\/sq\/glauk-konjufca-nuk-voton-pro-ligji-per-pagat\/","title":{"rendered":"Glauk Konjufca nuk voton pro Ligji p\u00ebr Pagat"},"content":{"rendered":"<p>Deputet\u00ebt e Kuvendit t\u00eb Kosov\u00ebs me 63 vota p\u00ebr, asnj\u00eb kund\u00ebr dhe 1 abstenim kan\u00eb miratuar n\u00eb lexim t\u00eb dyt\u00eb Projektligjin p\u00ebr Pagat n\u00eb Sektorin Publik.<\/p>\n<p>Kryeparlamentari Glauk Konjufca ka abstenuar, nd\u00ebrsa deputet\u00ebt prezent\u00eb t\u00eb opozit\u00ebs nuk kan\u00eb marr\u00eb pjes\u00eb n\u00eb votim.<\/p>\n<p>Konjufca ka votuar ndryshe prej partis\u00eb s\u00eb tij n\u00eb disa projektligje t\u00eb r\u00ebnd\u00ebsishme gjat\u00eb k\u00ebsaj legjislature.<\/p>\n<p>Opozita ka k\u00ebrkuar q\u00eb mos t\u00eb miratohen me nguti projektligji p\u00ebr Pagat, ndryshe, sipas tyre, mund t\u00eb p\u00ebrfundojn\u00eb n\u00eb Gjykat\u00ebn Kushtetuese.<\/p>\n<p>Gjat\u00eb qeverisjes s\u00eb Ramush Haradinajt, Kuvendi e kishte miratuar nj\u00eb ligj p\u00ebr pagat, por t\u00eb nj\u00ebjtin e kishte rr\u00ebzuar Gjykata Kushtetuese.<\/p>\n","protected":false},"excerpt":{"rendered":"<p>Deputet\u00ebt e Kuvendit t\u00eb Kosov\u00ebs me 63 vota p\u00ebr, asnj\u00eb kund\u00ebr dhe 1 abstenim kan\u00eb miratuar n\u00eb lexim t\u00eb dyt\u00eb Projektligjin p\u00ebr Pagat n\u00eb Sektorin Publik. Kryeparlamentari Glauk Konjufca ka abstenuar, nd\u00ebrsa deputet\u00ebt prezent\u00eb t\u00eb opozit\u00ebs nuk kan\u00eb marr\u00eb pjes\u00eb n\u00eb votim. Konjufca ka votuar ndryshe prej partis\u00eb s\u00eb tij n\u00eb disa projektligje t\u00eb r\u00ebnd\u00ebsishme [&hellip;]<\/p>\n","protected":false},"author":1,"featured_media":10849,"comment_status":"closed","ping_status":"closed","sticky":false,"template":"","format":"standard","meta":{"_monsterinsights_skip_tracking":false,"_monsterinsights_sitenote_active":false,"_monsterinsights_sitenote_note":"","_monsterinsights_sitenote_category":0,"_uf_show_specific_survey":0,"_uf_disable_surveys":false,"footnotes":""},"categories":[1146],"tags":[24],"yoast_head":"<!-- This site is optimized with the Yoast SEO plugin v21.5 - https:\/\/yoast.com\/wordpress\/plugins\/seo\/ -->\n<title>Glauk Konjufca nuk voton pro Ligji p\u00ebr Pagat<\/title>\n<meta name=\"robots\" content=\"index, follow, max-snippet:-1, max-image-preview:large, max-video-preview:-1\" \/>\n<link rel=\"canonical\" href=\"https:\/\/permbledhja.com\/sq\/glauk-konjufca-nuk-voton-pro-ligji-per-pagat\/\" \/>\n<meta property=\"og:locale\" content=\"sq_AL\" \/>\n<meta property=\"og:type\" content=\"article\" \/>\n<meta property=\"og:title\" content=\"Glauk Konjufca nuk voton pro Ligji p\u00ebr Pagat\" \/>\n<meta property=\"og:description\" content=\"Deputet\u00ebt e Kuvendit t\u00eb Kosov\u00ebs me 63 vota p\u00ebr, asnj\u00eb kund\u00ebr dhe 1 abstenim kan\u00eb miratuar n\u00eb lexim t\u00eb dyt\u00eb Projektligjin p\u00ebr Pagat n\u00eb Sektorin Publik. Kryeparlamentari Glauk Konjufca ka abstenuar, nd\u00ebrsa deputet\u00ebt prezent\u00eb t\u00eb opozit\u00ebs nuk kan\u00eb marr\u00eb pjes\u00eb n\u00eb votim. Konjufca ka votuar ndryshe prej partis\u00eb s\u00eb tij n\u00eb disa projektligje t\u00eb r\u00ebnd\u00ebsishme [&hellip;]\" \/>\n<meta property=\"og:url\" content=\"https:\/\/permbledhja.com\/sq\/glauk-konjufca-nuk-voton-pro-ligji-per-pagat\/\" \/>\n<meta property=\"og:site_name\" content=\"Ve\u00e7 artikuj p\u00ebrmbledh\u00ebs\" \/>\n<meta property=\"article:publisher\" content=\"https:\/\/www.facebook.com\/press07\/\" \/>\n<meta property=\"article:author\" content=\"https:\/\/www.facebook.com\/kafexhiu.muharrem\/\" \/>\n<meta property=\"article:published_time\" content=\"2022-12-22T14:38:20+00:00\" \/>\n<meta property=\"og:image\" content=\"https:\/\/permbledhja.com\/wp-content\/uploads\/2022\/12\/28805C9F-5895-4B83-AE26-0B41A6C5479E.png\" \/>\n\t<meta property=\"og:image:width\" content=\"750\" \/>\n\t<meta property=\"og:image:height\" content=\"375\" \/>\n\t<meta property=\"og:image:type\" content=\"image\/png\" \/>\n<meta name=\"author\" content=\"P\u00ebrmbledhja\" \/>\n<meta name=\"twitter:card\" content=\"summary_large_image\" \/>\n<meta name=\"twitter:label1\" content=\"Written by\" \/>\n\t<meta name=\"twitter:data1\" content=\"P\u00ebrmbledhja\" \/>\n\t<meta name=\"twitter:label2\" content=\"Est. reading time\" \/>\n\t<meta name=\"twitter:data2\" content=\"1 minut\u00eb\" \/>\n<script type=\"application\/ld+json\" class=\"yoast-schema-graph\">{\"@context\":\"https:\/\/schema.org\",\"@graph\":[{\"@type\":\"Article\",\"@id\":\"https:\/\/permbledhja.com\/glauk-konjufca-nuk-voton-pro-ligji-per-pagat\/#article\",\"isPartOf\":{\"@id\":\"https:\/\/permbledhja.com\/glauk-konjufca-nuk-voton-pro-ligji-per-pagat\/\"},\"author\":{\"name\":\"P\u00ebrmbledhja\",\"@id\":\"https:\/\/permbledhja.com\/#\/schema\/person\/0d064377258d3221e50693947b9eb4fe\"},\"headline\":\"Glauk Konjufca nuk voton pro Ligji p\u00ebr Pagat\",\"datePublished\":\"2022-12-22T14:38:20+00:00\",\"dateModified\":\"2022-12-22T14:38:20+00:00\",\"mainEntityOfPage\":{\"@id\":\"https:\/\/permbledhja.com\/glauk-konjufca-nuk-voton-pro-ligji-per-pagat\/\"},\"wordCount\":125,\"publisher\":{\"@id\":\"https:\/\/permbledhja.com\/#organization\"},\"keywords\":[\"Glauk Konjufca\"],\"articleSection\":[\"Kryesoret\"],\"inLanguage\":\"sq\"},{\"@type\":\"WebPage\",\"@id\":\"https:\/\/permbledhja.com\/glauk-konjufca-nuk-voton-pro-ligji-per-pagat\/\",\"url\":\"https:\/\/permbledhja.com\/glauk-konjufca-nuk-voton-pro-ligji-per-pagat\/\",\"name\":\"Glauk Konjufca nuk voton pro Ligji p\u00ebr Pagat\",\"isPartOf\":{\"@id\":\"https:\/\/permbledhja.com\/#website\"},\"datePublished\":\"2022-12-22T14:38:20+00:00\",\"dateModified\":\"2022-12-22T14:38:20+00:00\",\"breadcrumb\":{\"@id\":\"https:\/\/permbledhja.com\/glauk-konjufca-nuk-voton-pro-ligji-per-pagat\/#breadcrumb\"},\"inLanguage\":\"sq\",\"potentialAction\":[{\"@type\":\"ReadAction\",\"target\":[\"https:\/\/permbledhja.com\/glauk-konjufca-nuk-voton-pro-ligji-per-pagat\/\"]}]},{\"@type\":\"BreadcrumbList\",\"@id\":\"https:\/\/permbledhja.com\/glauk-konjufca-nuk-voton-pro-ligji-per-pagat\/#breadcrumb\",\"itemListElement\":[{\"@type\":\"ListItem\",\"position\":1,\"name\":\"Ballina\",\"item\":\"https:\/\/permbledhja.com\/sq\/\"},{\"@type\":\"ListItem\",\"position\":2,\"name\":\"Glauk Konjufca nuk voton pro Ligji p\u00ebr Pagat\"}]},{\"@type\":\"WebSite\",\"@id\":\"https:\/\/permbledhja.com\/#website\",\"url\":\"https:\/\/permbledhja.com\/\",\"name\":\"Ve\u00e7 artikuj p\u00ebrmbledh\u00ebs\",\"description\":\"\",\"publisher\":{\"@id\":\"https:\/\/permbledhja.com\/#organization\"},\"potentialAction\":[{\"@type\":\"SearchAction\",\"target\":{\"@type\":\"EntryPoint\",\"urlTemplate\":\"https:\/\/permbledhja.com\/?s={search_term_string}\"},\"query-input\":\"required name=search_term_string\"}],\"inLanguage\":\"sq\"},{\"@type\":\"Organization\",\"@id\":\"https:\/\/permbledhja.com\/#organization\",\"name\":\"MK Media & Pr\",\"url\":\"https:\/\/permbledhja.com\/\",\"logo\":{\"@type\":\"ImageObject\",\"inLanguage\":\"sq\",\"@id\":\"https:\/\/permbledhja.com\/#\/schema\/logo\/image\/\",\"url\":\"https:\/\/permbledhja.com\/wp-content\/uploads\/2021\/12\/07-Press-Logo.jpg\",\"contentUrl\":\"https:\/\/permbledhja.com\/wp-content\/uploads\/2021\/12\/07-Press-Logo.jpg\",\"width\":512,\"height\":512,\"caption\":\"MK Media & Pr\"},\"image\":{\"@id\":\"https:\/\/permbledhja.com\/#\/schema\/logo\/image\/\"},\"sameAs\":[\"https:\/\/www.facebook.com\/press07\/\"]},{\"@type\":\"Person\",\"@id\":\"https:\/\/permbledhja.com\/#\/schema\/person\/0d064377258d3221e50693947b9eb4fe\",\"name\":\"P\u00ebrmbledhja\",\"image\":{\"@type\":\"ImageObject\",\"inLanguage\":\"sq\",\"@id\":\"https:\/\/permbledhja.com\/#\/schema\/person\/image\/\",\"url\":\"https:\/\/permbledhja.com\/wp-content\/uploads\/2026\/01\/452004717_1040944174702970_8932037511805513407_n-96x96.jpg\",\"contentUrl\":\"https:\/\/permbledhja.com\/wp-content\/uploads\/2026\/01\/452004717_1040944174702970_8932037511805513407_n-96x96.jpg\",\"caption\":\"P\u00ebrmbledhja\"},\"sameAs\":[\"https:\/\/www.facebook.com\/kafexhiu.muharrem\/\",\"https:\/\/www.instagram.com\/muharrem_kafexhiu\/\"],\"url\":\"https:\/\/permbledhja.com\/sq\/author\/admin\/\"}]}<\/script>\n<!-- \/ Yoast SEO plugin. -->","yoast_head_json":{"title":"Glauk Konjufca nuk voton pro Ligji p\u00ebr Pagat","robots":{"index":"index","follow":"follow","max-snippet":"max-snippet:-1","max-image-preview":"max-image-preview:large","max-video-preview":"max-video-preview:-1"},"canonical":"https:\/\/permbledhja.com\/sq\/glauk-konjufca-nuk-voton-pro-ligji-per-pagat\/","og_locale":"sq_AL","og_type":"article","og_title":"Glauk Konjufca nuk voton pro Ligji p\u00ebr Pagat","og_description":"Deputet\u00ebt e Kuvendit t\u00eb Kosov\u00ebs me 63 vota p\u00ebr, asnj\u00eb kund\u00ebr dhe 1 abstenim kan\u00eb miratuar n\u00eb lexim t\u00eb dyt\u00eb Projektligjin p\u00ebr Pagat n\u00eb Sektorin Publik. Kryeparlamentari Glauk Konjufca ka abstenuar, nd\u00ebrsa deputet\u00ebt prezent\u00eb t\u00eb opozit\u00ebs nuk kan\u00eb marr\u00eb pjes\u00eb n\u00eb votim. Konjufca ka votuar ndryshe prej partis\u00eb s\u00eb tij n\u00eb disa projektligje t\u00eb r\u00ebnd\u00ebsishme [&hellip;]","og_url":"https:\/\/permbledhja.com\/sq\/glauk-konjufca-nuk-voton-pro-ligji-per-pagat\/","og_site_name":"Ve\u00e7 artikuj p\u00ebrmbledh\u00ebs","article_publisher":"https:\/\/www.facebook.com\/press07\/","article_author":"https:\/\/www.facebook.com\/kafexhiu.muharrem\/","article_published_time":"2022-12-22T14:38:20+00:00","og_image":[{"width":750,"height":375,"url":"https:\/\/permbledhja.com\/wp-content\/uploads\/2022\/12\/28805C9F-5895-4B83-AE26-0B41A6C5479E.png","type":"image\/png"}],"author":"P\u00ebrmbledhja","twitter_card":"summary_large_image","twitter_misc":{"Written by":"P\u00ebrmbledhja","Est. reading time":"1 minut\u00eb"},"schema":{"@context":"https:\/\/schema.org","@graph":[{"@type":"Article","@id":"https:\/\/permbledhja.com\/glauk-konjufca-nuk-voton-pro-ligji-per-pagat\/#article","isPartOf":{"@id":"https:\/\/permbledhja.com\/glauk-konjufca-nuk-voton-pro-ligji-per-pagat\/"},"author":{"name":"P\u00ebrmbledhja","@id":"https:\/\/permbledhja.com\/#\/schema\/person\/0d064377258d3221e50693947b9eb4fe"},"headline":"Glauk Konjufca nuk voton pro Ligji p\u00ebr Pagat","datePublished":"2022-12-22T14:38:20+00:00","dateModified":"2022-12-22T14:38:20+00:00","mainEntityOfPage":{"@id":"https:\/\/permbledhja.com\/glauk-konjufca-nuk-voton-pro-ligji-per-pagat\/"},"wordCount":125,"publisher":{"@id":"https:\/\/permbledhja.com\/#organization"},"keywords":["Glauk Konjufca"],"articleSection":["Kryesoret"],"inLanguage":"sq"},{"@type":"WebPage","@id":"https:\/\/permbledhja.com\/glauk-konjufca-nuk-voton-pro-ligji-per-pagat\/","url":"https:\/\/permbledhja.com\/glauk-konjufca-nuk-voton-pro-ligji-per-pagat\/","name":"Glauk Konjufca nuk voton pro Ligji p\u00ebr Pagat","isPartOf":{"@id":"https:\/\/permbledhja.com\/#website"},"datePublished":"2022-12-22T14:38:20+00:00","dateModified":"2022-12-22T14:38:20+00:00","breadcrumb":{"@id":"https:\/\/permbledhja.com\/glauk-konjufca-nuk-voton-pro-ligji-per-pagat\/#breadcrumb"},"inLanguage":"sq","potentialAction":[{"@type":"ReadAction","target":["https:\/\/permbledhja.com\/glauk-konjufca-nuk-voton-pro-ligji-per-pagat\/"]}]},{"@type":"BreadcrumbList","@id":"https:\/\/permbledhja.com\/glauk-konjufca-nuk-voton-pro-ligji-per-pagat\/#breadcrumb","itemListElement":[{"@type":"ListItem","position":1,"name":"Ballina","item":"https:\/\/permbledhja.com\/sq\/"},{"@type":"ListItem","position":2,"name":"Glauk Konjufca nuk voton pro Ligji p\u00ebr Pagat"}]},{"@type":"WebSite","@id":"https:\/\/permbledhja.com\/#website","url":"https:\/\/permbledhja.com\/","name":"Ve\u00e7 artikuj p\u00ebrmbledh\u00ebs","description":"","publisher":{"@id":"https:\/\/permbledhja.com\/#organization"},"potentialAction":[{"@type":"SearchAction","target":{"@type":"EntryPoint","urlTemplate":"https:\/\/permbledhja.com\/?s={search_term_string}"},"query-input":"required name=search_term_string"}],"inLanguage":"sq"},{"@type":"Organization","@id":"https:\/\/permbledhja.com\/#organization","name":"MK Media & Pr","url":"https:\/\/permbledhja.com\/","logo":{"@type":"ImageObject","inLanguage":"sq","@id":"https:\/\/permbledhja.com\/#\/schema\/logo\/image\/","url":"https:\/\/permbledhja.com\/wp-content\/uploads\/2021\/12\/07-Press-Logo.jpg","contentUrl":"https:\/\/permbledhja.com\/wp-content\/uploads\/2021\/12\/07-Press-Logo.jpg","width":512,"height":512,"caption":"MK Media & Pr"},"image":{"@id":"https:\/\/permbledhja.com\/#\/schema\/logo\/image\/"},"sameAs":["https:\/\/www.facebook.com\/press07\/"]},{"@type":"Person","@id":"https:\/\/permbledhja.com\/#\/schema\/person\/0d064377258d3221e50693947b9eb4fe","name":"P\u00ebrmbledhja","image":{"@type":"ImageObject","inLanguage":"sq","@id":"https:\/\/permbledhja.com\/#\/schema\/person\/image\/","url":"https:\/\/permbledhja.com\/wp-content\/uploads\/2026\/01\/452004717_1040944174702970_8932037511805513407_n-96x96.jpg","contentUrl":"https:\/\/permbledhja.com\/wp-content\/uploads\/2026\/01\/452004717_1040944174702970_8932037511805513407_n-96x96.jpg","caption":"P\u00ebrmbledhja"},"sameAs":["https:\/\/www.facebook.com\/kafexhiu.muharrem\/","https:\/\/www.instagram.com\/muharrem_kafexhiu\/"],"url":"https:\/\/permbledhja.com\/sq\/author\/admin\/"}]}},"_links":{"self":[{"href":"https:\/\/permbledhja.com\/sq\/wp-json\/wp\/v2\/posts\/10848"}],"collection":[{"href":"https:\/\/permbledhja.com\/sq\/wp-json\/wp\/v2\/posts"}],"about":[{"href":"https:\/\/permbledhja.com\/sq\/wp-json\/wp\/v2\/types\/post"}],"author":[{"embeddable":true,"href":"https:\/\/permbledhja.com\/sq\/wp-json\/wp\/v2\/users\/1"}],"replies":[{"embeddable":true,"href":"https:\/\/permbledhja.com\/sq\/wp-json\/wp\/v2\/comments?post=10848"}],"version-history":[{"count":1,"href":"https:\/\/permbledhja.com\/sq\/wp-json\/wp\/v2\/posts\/10848\/revisions"}],"predecessor-version":[{"id":10850,"href":"https:\/\/permbledhja.com\/sq\/wp-json\/wp\/v2\/posts\/10848\/revisions\/10850"}],"wp:featuredmedia":[{"embeddable":true,"href":"https:\/\/permbledhja.com\/sq\/wp-json\/wp\/v2\/media\/10849"}],"wp:attachment":[{"href":"https:\/\/permbledhja.com\/sq\/wp-json\/wp\/v2\/media?parent=10848"}],"wp:term":[{"taxonomy":"category","embeddable":true,"href":"https:\/\/permbledhja.com\/sq\/wp-json\/wp\/v2\/categories?post=10848"},{"taxonomy":"post_tag","embeddable":true,"href":"https:\/\/permbledhja.com\/sq\/wp-json\/wp\/v2\/tags?post=10848"}],"curies":[{"name":"wp","href":"https:\/\/api.w.org\/{rel}","templated":true}]}}