{"id":10651,"date":"2022-12-13T11:56:56","date_gmt":"2022-12-13T11:56:56","guid":{"rendered":"https:\/\/permbledhja.com\/?p=10651"},"modified":"2022-12-13T11:56:56","modified_gmt":"2022-12-13T11:56:56","slug":"politikani-serb-barrikadat-ne-veri-si-mburoje-e-milan-radoiciq-it-dhe-zvonko-veselinoviq-it","status":"publish","type":"post","link":"https:\/\/permbledhja.com\/sq\/politikani-serb-barrikadat-ne-veri-si-mburoje-e-milan-radoiciq-it-dhe-zvonko-veselinoviq-it\/","title":{"rendered":"Politikani serb: Barrikadat n\u00eb Veri si mburoj\u00eb e Milan Radoi\u00e7iq-it dhe Zvonko Veselinoviq-it"},"content":{"rendered":"<p><strong>P\u00ebr politikanin serb, Miroslav Parovi\u00e7, barrikadat n\u00eb Veri dhe tensionimi i situat\u00ebs n\u00eb k\u00ebt\u00eb pjes\u00eb t\u00eb vendit i sh\u00ebrben vet\u00ebm dy p\u00ebrfaq\u00ebsuesve t\u00eb List\u00ebs Serbe, t\u00eb cil\u00ebt s\u00eb fundmi u sanksionuan edhe nga Mbret\u00ebria e Bashkuar \u2013 Milan Radoi\u00e7i\u00e7 dhe Zvonko Veselinovi\u00e7.<\/strong><\/p>\n<p>Sipas kryetarit t\u00eb L\u00ebvizjes p\u00ebr Lirin Popullore \u2013 parti serbe e cila nuk ka mundur t\u00eb fitoi mandat n\u00eb Kuvendin e Serbis\u00eb \u2013 thelbi i gjith\u00eb loj\u00ebs s\u00eb pist\u00eb t\u00eb keqp\u00ebrdorimit t\u00eb ndjenjave atdhetare serbe ka t\u00eb b\u00ebj\u00eb se partneriteti nd\u00ebrmjet presidentit t\u00eb Serbis\u00eb, Aleksand\u00ebr Vu\u00e7i\u00e7 dhe dy p\u00ebrfaq\u00ebsuesve serb n\u00eb Kosov\u00eb, Milan Radoi\u00e7i\u00e7 dhe Zvonko Veselinovi\u00e7 \u00ebsht\u00eb l\u00ebkundur.<\/p>\n<p><em>\u201cPrandaj barrikadat n\u00eb veri t\u00eb Kosov\u00ebs i sh\u00ebrbejn\u00eb q\u00ebllimit q\u00eb dy biznesmen\u00eb kontrovers t\u00eb hapin nj\u00eb linj\u00eb t\u00eb pavarur negociatash me nj\u00eb faktor t\u00eb jasht\u00ebm. Sigurisht, Vu\u00e7i\u00e7\u2019it nuk i p\u00eblqen fare kjo dhe p\u00ebr k\u00ebt\u00eb arsye ai po p\u00ebrpiqet t\u00eb p\u00ebrdor\u00eb ushtrin\u00eb p\u00ebr t\u2019i th\u00ebn\u00eb t\u00eb nj\u00ebjtit faktor t\u00eb huaj se edhe ai \u00ebsht\u00eb i gatsh\u00ebm t\u00eb shkaktoj\u00eb nj\u00eb kriz\u00eb t\u00eb madhe\u201d<\/em>, beson Miroslav Parovi\u00e7.<\/p>\n<p>N\u00eb leximin e tij, Parovi\u00e7, thekson se serb\u00ebt n\u00eb Veri jan\u00eb peng\u00eb t\u00eb njer\u00ebzve si Vu\u00e7i\u00e7, Radoi\u00e7i\u00e7 dhe Veselinovi\u00e7.<\/p>\n<p><em>\u201cPrandaj nuk ka zgjidhje p\u00ebr asnj\u00eb problem n\u00eb vend derisa t\u00eb rr\u00ebzohet kjo qeveri e kriminalizuar dhe e korruptuar, e cila \u00ebsht\u00eb shkaku i t\u00eb gjitha tradhtive\u201d<\/em>, ka shtuar ai.<\/p>\n","protected":false},"excerpt":{"rendered":"<p>P\u00ebr politikanin serb, Miroslav Parovi\u00e7, barrikadat n\u00eb Veri dhe tensionimi i situat\u00ebs n\u00eb k\u00ebt\u00eb pjes\u00eb t\u00eb vendit i sh\u00ebrben vet\u00ebm dy p\u00ebrfaq\u00ebsuesve t\u00eb List\u00ebs Serbe, t\u00eb cil\u00ebt s\u00eb fundmi u sanksionuan edhe nga Mbret\u00ebria e Bashkuar \u2013 Milan Radoi\u00e7i\u00e7 dhe Zvonko Veselinovi\u00e7. Sipas kryetarit t\u00eb L\u00ebvizjes p\u00ebr Lirin Popullore \u2013 parti serbe e cila nuk [&hellip;]<\/p>\n","protected":false},"author":1,"featured_media":10652,"comment_status":"closed","ping_status":"closed","sticky":false,"template":"","format":"standard","meta":{"_monsterinsights_skip_tracking":false,"_monsterinsights_sitenote_active":false,"_monsterinsights_sitenote_note":"","_monsterinsights_sitenote_category":0,"_uf_show_specific_survey":0,"_uf_disable_surveys":false,"footnotes":""},"categories":[23,15],"tags":[1210,91],"yoast_head":"<!-- This site is optimized with the Yoast SEO plugin v21.5 - https:\/\/yoast.com\/wordpress\/plugins\/seo\/ -->\n<title>Politikani serb: Barrikadat n\u00eb Veri si mburoj\u00eb e Milan Radoi\u00e7iq-it dhe Zvonko Veselinoviq-it<\/title>\n<meta name=\"robots\" content=\"index, follow, max-snippet:-1, max-image-preview:large, max-video-preview:-1\" \/>\n<link rel=\"canonical\" href=\"https:\/\/permbledhja.com\/sq\/politikani-serb-barrikadat-ne-veri-si-mburoje-e-milan-radoiciq-it-dhe-zvonko-veselinoviq-it\/\" \/>\n<meta property=\"og:locale\" content=\"sq_AL\" \/>\n<meta property=\"og:type\" content=\"article\" \/>\n<meta property=\"og:title\" content=\"Politikani serb: Barrikadat n\u00eb Veri si mburoj\u00eb e Milan Radoi\u00e7iq-it dhe Zvonko Veselinoviq-it\" \/>\n<meta property=\"og:description\" content=\"P\u00ebr politikanin serb, Miroslav Parovi\u00e7, barrikadat n\u00eb Veri dhe tensionimi i situat\u00ebs n\u00eb k\u00ebt\u00eb pjes\u00eb t\u00eb vendit i sh\u00ebrben vet\u00ebm dy p\u00ebrfaq\u00ebsuesve t\u00eb List\u00ebs Serbe, t\u00eb cil\u00ebt s\u00eb fundmi u sanksionuan edhe nga Mbret\u00ebria e Bashkuar \u2013 Milan Radoi\u00e7i\u00e7 dhe Zvonko Veselinovi\u00e7. Sipas kryetarit t\u00eb L\u00ebvizjes p\u00ebr Lirin Popullore \u2013 parti serbe e cila nuk [&hellip;]\" \/>\n<meta property=\"og:url\" content=\"https:\/\/permbledhja.com\/sq\/politikani-serb-barrikadat-ne-veri-si-mburoje-e-milan-radoiciq-it-dhe-zvonko-veselinoviq-it\/\" \/>\n<meta property=\"og:site_name\" content=\"Ve\u00e7 artikuj p\u00ebrmbledh\u00ebs\" \/>\n<meta property=\"article:publisher\" content=\"https:\/\/www.facebook.com\/press07\/\" \/>\n<meta property=\"article:author\" content=\"https:\/\/www.facebook.com\/kafexhiu.muharrem\/\" \/>\n<meta property=\"article:published_time\" content=\"2022-12-13T11:56:56+00:00\" \/>\n<meta property=\"og:image\" content=\"https:\/\/permbledhja.com\/wp-content\/uploads\/2022\/12\/zzzz-2-600x360-1.jpg\" \/>\n\t<meta property=\"og:image:width\" content=\"600\" \/>\n\t<meta property=\"og:image:height\" content=\"360\" \/>\n\t<meta property=\"og:image:type\" content=\"image\/jpeg\" \/>\n<meta name=\"author\" content=\"P\u00ebrmbledhja\" \/>\n<meta name=\"twitter:card\" content=\"summary_large_image\" \/>\n<meta name=\"twitter:label1\" content=\"Written by\" \/>\n\t<meta name=\"twitter:data1\" content=\"P\u00ebrmbledhja\" \/>\n\t<meta name=\"twitter:label2\" content=\"Est. reading time\" \/>\n\t<meta name=\"twitter:data2\" content=\"1 minut\u00eb\" \/>\n<script type=\"application\/ld+json\" class=\"yoast-schema-graph\">{\"@context\":\"https:\/\/schema.org\",\"@graph\":[{\"@type\":\"Article\",\"@id\":\"https:\/\/permbledhja.com\/politikani-serb-barrikadat-ne-veri-si-mburoje-e-milan-radoiciq-it-dhe-zvonko-veselinoviq-it\/#article\",\"isPartOf\":{\"@id\":\"https:\/\/permbledhja.com\/politikani-serb-barrikadat-ne-veri-si-mburoje-e-milan-radoiciq-it-dhe-zvonko-veselinoviq-it\/\"},\"author\":{\"name\":\"P\u00ebrmbledhja\",\"@id\":\"https:\/\/permbledhja.com\/#\/schema\/person\/0d064377258d3221e50693947b9eb4fe\"},\"headline\":\"Politikani serb: Barrikadat n\u00eb Veri si mburoj\u00eb e Milan Radoi\u00e7iq-it dhe Zvonko Veselinoviq-it\",\"datePublished\":\"2022-12-13T11:56:56+00:00\",\"dateModified\":\"2022-12-13T11:56:56+00:00\",\"mainEntityOfPage\":{\"@id\":\"https:\/\/permbledhja.com\/politikani-serb-barrikadat-ne-veri-si-mburoje-e-milan-radoiciq-it-dhe-zvonko-veselinoviq-it\/\"},\"wordCount\":271,\"publisher\":{\"@id\":\"https:\/\/permbledhja.com\/#organization\"},\"keywords\":[\"Barrikadat\",\"Veriu\"],\"articleSection\":[\"Komb\u00ebtare\",\"Lajme\"],\"inLanguage\":\"sq\"},{\"@type\":\"WebPage\",\"@id\":\"https:\/\/permbledhja.com\/politikani-serb-barrikadat-ne-veri-si-mburoje-e-milan-radoiciq-it-dhe-zvonko-veselinoviq-it\/\",\"url\":\"https:\/\/permbledhja.com\/politikani-serb-barrikadat-ne-veri-si-mburoje-e-milan-radoiciq-it-dhe-zvonko-veselinoviq-it\/\",\"name\":\"Politikani serb: Barrikadat n\u00eb Veri si mburoj\u00eb e Milan Radoi\u00e7iq-it dhe Zvonko Veselinoviq-it\",\"isPartOf\":{\"@id\":\"https:\/\/permbledhja.com\/#website\"},\"datePublished\":\"2022-12-13T11:56:56+00:00\",\"dateModified\":\"2022-12-13T11:56:56+00:00\",\"breadcrumb\":{\"@id\":\"https:\/\/permbledhja.com\/politikani-serb-barrikadat-ne-veri-si-mburoje-e-milan-radoiciq-it-dhe-zvonko-veselinoviq-it\/#breadcrumb\"},\"inLanguage\":\"sq\",\"potentialAction\":[{\"@type\":\"ReadAction\",\"target\":[\"https:\/\/permbledhja.com\/politikani-serb-barrikadat-ne-veri-si-mburoje-e-milan-radoiciq-it-dhe-zvonko-veselinoviq-it\/\"]}]},{\"@type\":\"BreadcrumbList\",\"@id\":\"https:\/\/permbledhja.com\/politikani-serb-barrikadat-ne-veri-si-mburoje-e-milan-radoiciq-it-dhe-zvonko-veselinoviq-it\/#breadcrumb\",\"itemListElement\":[{\"@type\":\"ListItem\",\"position\":1,\"name\":\"Ballina\",\"item\":\"https:\/\/permbledhja.com\/sq\/\"},{\"@type\":\"ListItem\",\"position\":2,\"name\":\"Politikani serb: Barrikadat n\u00eb Veri si mburoj\u00eb e Milan Radoi\u00e7iq-it dhe Zvonko Veselinoviq-it\"}]},{\"@type\":\"WebSite\",\"@id\":\"https:\/\/permbledhja.com\/#website\",\"url\":\"https:\/\/permbledhja.com\/\",\"name\":\"Ve\u00e7 artikuj p\u00ebrmbledh\u00ebs\",\"description\":\"\",\"publisher\":{\"@id\":\"https:\/\/permbledhja.com\/#organization\"},\"potentialAction\":[{\"@type\":\"SearchAction\",\"target\":{\"@type\":\"EntryPoint\",\"urlTemplate\":\"https:\/\/permbledhja.com\/?s={search_term_string}\"},\"query-input\":\"required name=search_term_string\"}],\"inLanguage\":\"sq\"},{\"@type\":\"Organization\",\"@id\":\"https:\/\/permbledhja.com\/#organization\",\"name\":\"MK Media & Pr\",\"url\":\"https:\/\/permbledhja.com\/\",\"logo\":{\"@type\":\"ImageObject\",\"inLanguage\":\"sq\",\"@id\":\"https:\/\/permbledhja.com\/#\/schema\/logo\/image\/\",\"url\":\"https:\/\/permbledhja.com\/wp-content\/uploads\/2021\/12\/07-Press-Logo.jpg\",\"contentUrl\":\"https:\/\/permbledhja.com\/wp-content\/uploads\/2021\/12\/07-Press-Logo.jpg\",\"width\":512,\"height\":512,\"caption\":\"MK Media & Pr\"},\"image\":{\"@id\":\"https:\/\/permbledhja.com\/#\/schema\/logo\/image\/\"},\"sameAs\":[\"https:\/\/www.facebook.com\/press07\/\"]},{\"@type\":\"Person\",\"@id\":\"https:\/\/permbledhja.com\/#\/schema\/person\/0d064377258d3221e50693947b9eb4fe\",\"name\":\"P\u00ebrmbledhja\",\"image\":{\"@type\":\"ImageObject\",\"inLanguage\":\"sq\",\"@id\":\"https:\/\/permbledhja.com\/#\/schema\/person\/image\/\",\"url\":\"https:\/\/permbledhja.com\/wp-content\/uploads\/2026\/01\/452004717_1040944174702970_8932037511805513407_n-96x96.jpg\",\"contentUrl\":\"https:\/\/permbledhja.com\/wp-content\/uploads\/2026\/01\/452004717_1040944174702970_8932037511805513407_n-96x96.jpg\",\"caption\":\"P\u00ebrmbledhja\"},\"sameAs\":[\"https:\/\/www.facebook.com\/kafexhiu.muharrem\/\",\"https:\/\/www.instagram.com\/muharrem_kafexhiu\/\"],\"url\":\"https:\/\/permbledhja.com\/sq\/author\/admin\/\"}]}<\/script>\n<!-- \/ Yoast SEO plugin. -->","yoast_head_json":{"title":"Politikani serb: Barrikadat n\u00eb Veri si mburoj\u00eb e Milan Radoi\u00e7iq-it dhe Zvonko Veselinoviq-it","robots":{"index":"index","follow":"follow","max-snippet":"max-snippet:-1","max-image-preview":"max-image-preview:large","max-video-preview":"max-video-preview:-1"},"canonical":"https:\/\/permbledhja.com\/sq\/politikani-serb-barrikadat-ne-veri-si-mburoje-e-milan-radoiciq-it-dhe-zvonko-veselinoviq-it\/","og_locale":"sq_AL","og_type":"article","og_title":"Politikani serb: Barrikadat n\u00eb Veri si mburoj\u00eb e Milan Radoi\u00e7iq-it dhe Zvonko Veselinoviq-it","og_description":"P\u00ebr politikanin serb, Miroslav Parovi\u00e7, barrikadat n\u00eb Veri dhe tensionimi i situat\u00ebs n\u00eb k\u00ebt\u00eb pjes\u00eb t\u00eb vendit i sh\u00ebrben vet\u00ebm dy p\u00ebrfaq\u00ebsuesve t\u00eb List\u00ebs Serbe, t\u00eb cil\u00ebt s\u00eb fundmi u sanksionuan edhe nga Mbret\u00ebria e Bashkuar \u2013 Milan Radoi\u00e7i\u00e7 dhe Zvonko Veselinovi\u00e7. Sipas kryetarit t\u00eb L\u00ebvizjes p\u00ebr Lirin Popullore \u2013 parti serbe e cila nuk [&hellip;]","og_url":"https:\/\/permbledhja.com\/sq\/politikani-serb-barrikadat-ne-veri-si-mburoje-e-milan-radoiciq-it-dhe-zvonko-veselinoviq-it\/","og_site_name":"Ve\u00e7 artikuj p\u00ebrmbledh\u00ebs","article_publisher":"https:\/\/www.facebook.com\/press07\/","article_author":"https:\/\/www.facebook.com\/kafexhiu.muharrem\/","article_published_time":"2022-12-13T11:56:56+00:00","og_image":[{"width":600,"height":360,"url":"https:\/\/permbledhja.com\/wp-content\/uploads\/2022\/12\/zzzz-2-600x360-1.jpg","type":"image\/jpeg"}],"author":"P\u00ebrmbledhja","twitter_card":"summary_large_image","twitter_misc":{"Written by":"P\u00ebrmbledhja","Est. reading time":"1 minut\u00eb"},"schema":{"@context":"https:\/\/schema.org","@graph":[{"@type":"Article","@id":"https:\/\/permbledhja.com\/politikani-serb-barrikadat-ne-veri-si-mburoje-e-milan-radoiciq-it-dhe-zvonko-veselinoviq-it\/#article","isPartOf":{"@id":"https:\/\/permbledhja.com\/politikani-serb-barrikadat-ne-veri-si-mburoje-e-milan-radoiciq-it-dhe-zvonko-veselinoviq-it\/"},"author":{"name":"P\u00ebrmbledhja","@id":"https:\/\/permbledhja.com\/#\/schema\/person\/0d064377258d3221e50693947b9eb4fe"},"headline":"Politikani serb: Barrikadat n\u00eb Veri si mburoj\u00eb e Milan Radoi\u00e7iq-it dhe Zvonko Veselinoviq-it","datePublished":"2022-12-13T11:56:56+00:00","dateModified":"2022-12-13T11:56:56+00:00","mainEntityOfPage":{"@id":"https:\/\/permbledhja.com\/politikani-serb-barrikadat-ne-veri-si-mburoje-e-milan-radoiciq-it-dhe-zvonko-veselinoviq-it\/"},"wordCount":271,"publisher":{"@id":"https:\/\/permbledhja.com\/#organization"},"keywords":["Barrikadat","Veriu"],"articleSection":["Komb\u00ebtare","Lajme"],"inLanguage":"sq"},{"@type":"WebPage","@id":"https:\/\/permbledhja.com\/politikani-serb-barrikadat-ne-veri-si-mburoje-e-milan-radoiciq-it-dhe-zvonko-veselinoviq-it\/","url":"https:\/\/permbledhja.com\/politikani-serb-barrikadat-ne-veri-si-mburoje-e-milan-radoiciq-it-dhe-zvonko-veselinoviq-it\/","name":"Politikani serb: Barrikadat n\u00eb Veri si mburoj\u00eb e Milan Radoi\u00e7iq-it dhe Zvonko Veselinoviq-it","isPartOf":{"@id":"https:\/\/permbledhja.com\/#website"},"datePublished":"2022-12-13T11:56:56+00:00","dateModified":"2022-12-13T11:56:56+00:00","breadcrumb":{"@id":"https:\/\/permbledhja.com\/politikani-serb-barrikadat-ne-veri-si-mburoje-e-milan-radoiciq-it-dhe-zvonko-veselinoviq-it\/#breadcrumb"},"inLanguage":"sq","potentialAction":[{"@type":"ReadAction","target":["https:\/\/permbledhja.com\/politikani-serb-barrikadat-ne-veri-si-mburoje-e-milan-radoiciq-it-dhe-zvonko-veselinoviq-it\/"]}]},{"@type":"BreadcrumbList","@id":"https:\/\/permbledhja.com\/politikani-serb-barrikadat-ne-veri-si-mburoje-e-milan-radoiciq-it-dhe-zvonko-veselinoviq-it\/#breadcrumb","itemListElement":[{"@type":"ListItem","position":1,"name":"Ballina","item":"https:\/\/permbledhja.com\/sq\/"},{"@type":"ListItem","position":2,"name":"Politikani serb: Barrikadat n\u00eb Veri si mburoj\u00eb e Milan Radoi\u00e7iq-it dhe Zvonko Veselinoviq-it"}]},{"@type":"WebSite","@id":"https:\/\/permbledhja.com\/#website","url":"https:\/\/permbledhja.com\/","name":"Ve\u00e7 artikuj p\u00ebrmbledh\u00ebs","description":"","publisher":{"@id":"https:\/\/permbledhja.com\/#organization"},"potentialAction":[{"@type":"SearchAction","target":{"@type":"EntryPoint","urlTemplate":"https:\/\/permbledhja.com\/?s={search_term_string}"},"query-input":"required name=search_term_string"}],"inLanguage":"sq"},{"@type":"Organization","@id":"https:\/\/permbledhja.com\/#organization","name":"MK Media & Pr","url":"https:\/\/permbledhja.com\/","logo":{"@type":"ImageObject","inLanguage":"sq","@id":"https:\/\/permbledhja.com\/#\/schema\/logo\/image\/","url":"https:\/\/permbledhja.com\/wp-content\/uploads\/2021\/12\/07-Press-Logo.jpg","contentUrl":"https:\/\/permbledhja.com\/wp-content\/uploads\/2021\/12\/07-Press-Logo.jpg","width":512,"height":512,"caption":"MK Media & Pr"},"image":{"@id":"https:\/\/permbledhja.com\/#\/schema\/logo\/image\/"},"sameAs":["https:\/\/www.facebook.com\/press07\/"]},{"@type":"Person","@id":"https:\/\/permbledhja.com\/#\/schema\/person\/0d064377258d3221e50693947b9eb4fe","name":"P\u00ebrmbledhja","image":{"@type":"ImageObject","inLanguage":"sq","@id":"https:\/\/permbledhja.com\/#\/schema\/person\/image\/","url":"https:\/\/permbledhja.com\/wp-content\/uploads\/2026\/01\/452004717_1040944174702970_8932037511805513407_n-96x96.jpg","contentUrl":"https:\/\/permbledhja.com\/wp-content\/uploads\/2026\/01\/452004717_1040944174702970_8932037511805513407_n-96x96.jpg","caption":"P\u00ebrmbledhja"},"sameAs":["https:\/\/www.facebook.com\/kafexhiu.muharrem\/","https:\/\/www.instagram.com\/muharrem_kafexhiu\/"],"url":"https:\/\/permbledhja.com\/sq\/author\/admin\/"}]}},"_links":{"self":[{"href":"https:\/\/permbledhja.com\/sq\/wp-json\/wp\/v2\/posts\/10651"}],"collection":[{"href":"https:\/\/permbledhja.com\/sq\/wp-json\/wp\/v2\/posts"}],"about":[{"href":"https:\/\/permbledhja.com\/sq\/wp-json\/wp\/v2\/types\/post"}],"author":[{"embeddable":true,"href":"https:\/\/permbledhja.com\/sq\/wp-json\/wp\/v2\/users\/1"}],"replies":[{"embeddable":true,"href":"https:\/\/permbledhja.com\/sq\/wp-json\/wp\/v2\/comments?post=10651"}],"version-history":[{"count":1,"href":"https:\/\/permbledhja.com\/sq\/wp-json\/wp\/v2\/posts\/10651\/revisions"}],"predecessor-version":[{"id":10653,"href":"https:\/\/permbledhja.com\/sq\/wp-json\/wp\/v2\/posts\/10651\/revisions\/10653"}],"wp:featuredmedia":[{"embeddable":true,"href":"https:\/\/permbledhja.com\/sq\/wp-json\/wp\/v2\/media\/10652"}],"wp:attachment":[{"href":"https:\/\/permbledhja.com\/sq\/wp-json\/wp\/v2\/media?parent=10651"}],"wp:term":[{"taxonomy":"category","embeddable":true,"href":"https:\/\/permbledhja.com\/sq\/wp-json\/wp\/v2\/categories?post=10651"},{"taxonomy":"post_tag","embeddable":true,"href":"https:\/\/permbledhja.com\/sq\/wp-json\/wp\/v2\/tags?post=10651"}],"curies":[{"name":"wp","href":"https:\/\/api.w.org\/{rel}","templated":true}]}}