{"id":10629,"date":"2022-12-10T15:31:50","date_gmt":"2022-12-10T15:31:50","guid":{"rendered":"https:\/\/permbledhja.com\/?p=10629"},"modified":"2022-12-10T15:31:50","modified_gmt":"2022-12-10T15:31:50","slug":"shtyhen-zgjedhjet-ne-veri-pritet-te-mbahen-ne-muajin-prill","status":"publish","type":"post","link":"https:\/\/permbledhja.com\/sq\/shtyhen-zgjedhjet-ne-veri-pritet-te-mbahen-ne-muajin-prill\/","title":{"rendered":"Shtyhen zgjedhjet n\u00eb Veri, pritet t\u00eb mbahen n\u00eb muajin prill"},"content":{"rendered":"<p><strong>Presidentja e Kosov\u00ebs, Vjosa Osmani ka treguar se \u00ebsht\u00eb marr\u00eb vendim p\u00ebr shtyrje t\u00eb zgjedhjeve. Ajo ka th\u00ebn\u00eb se zgjedhjet do t\u00eb mbahen n\u00eb muajin prill, derisa data e sakt\u00eb do t\u00eb b\u00ebhet publike nes\u00ebr.<\/strong><\/p>\n<p><em>\u201cDiskutuam rreth dat\u00ebs m\u00eb t\u00eb p\u00ebrshtatshme dhe koh\u00ebs s\u00eb p\u00ebrshtatshme dhe n\u00eb fund me konsensus t\u00eb plot\u00eb, pas propozimit tim erdh\u00ebm n\u00eb konkluzion q\u00eb t\u00eb shtyhen p\u00ebr muajin prill t\u00eb vitit 2023, kurse data e sakt\u00eb e muajit prill, sonte ose m\u00eb largu nes\u00ebr n\u00eb m\u00ebngjes do t\u2019i tregohet publikut\u201d<\/em>, ka deklaruar presidentja e Kosov\u00ebs.<\/p>\n<p>E para e shtetit ka treguar se vendimi p\u00ebr shtyrje ka ardhru edhe pas bisedave q\u00eb ka pasur me zyrtar\u00eb t\u00eb BE-s\u00eb.<\/p>\n<p><em>\u201cDuke u bazuar n\u00eb zhvillimet dua t\u00eb ju njoftoj qe kam pasur kontakte edhe me institucione t\u00eb BE-s\u00eb dhe m\u00eb kan\u00eb th\u00ebn\u00eb q\u00eb nuk do t\u00eb marrin pjes\u00eb p\u00ebr v\u00ebzhgim p\u00ebr shkak t\u00eb koh\u00ebs s\u00eb shkurt\u00ebr. Bazuar n\u00eb k\u00ebto vler\u00ebsime propozimi ishte q\u00eb t\u00eb shtyhen zgjedhjet p\u00ebr kryetar\u00eb komunash. Erdh\u00ebm n\u00eb p\u00ebrfundim t\u00eb shtyhet p\u00ebr n\u00eb prill\u201d<\/em>, ka th\u00ebn\u00eb ajo para gazetar\u00ebve.<\/p>\n<p>Shtyrja e zgjedhjeve vjen pas situat\u00ebs s\u00eb tensionuar n\u00eb veri t\u00eb Republik\u00ebs s\u00eb Kosov\u00ebs.\/Express\/<\/p>\n","protected":false},"excerpt":{"rendered":"<p>Presidentja e Kosov\u00ebs, Vjosa Osmani ka treguar se \u00ebsht\u00eb marr\u00eb vendim p\u00ebr shtyrje t\u00eb zgjedhjeve. Ajo ka th\u00ebn\u00eb se zgjedhjet do t\u00eb mbahen n\u00eb muajin prill, derisa data e sakt\u00eb do t\u00eb b\u00ebhet publike nes\u00ebr. \u201cDiskutuam rreth dat\u00ebs m\u00eb t\u00eb p\u00ebrshtatshme dhe koh\u00ebs s\u00eb p\u00ebrshtatshme dhe n\u00eb fund me konsensus t\u00eb plot\u00eb, pas propozimit tim [&hellip;]<\/p>\n","protected":false},"author":1,"featured_media":831,"comment_status":"closed","ping_status":"closed","sticky":false,"template":"","format":"standard","meta":{"_monsterinsights_skip_tracking":false,"_monsterinsights_sitenote_active":false,"_monsterinsights_sitenote_note":"","_monsterinsights_sitenote_category":0,"_uf_show_specific_survey":0,"_uf_disable_surveys":false,"footnotes":""},"categories":[1146],"tags":[163],"yoast_head":"<!-- This site is optimized with the Yoast SEO plugin v21.5 - https:\/\/yoast.com\/wordpress\/plugins\/seo\/ -->\n<title>Shtyhen zgjedhjet n\u00eb Veri, pritet t\u00eb mbahen n\u00eb muajin prill<\/title>\n<meta name=\"robots\" content=\"index, follow, max-snippet:-1, max-image-preview:large, max-video-preview:-1\" \/>\n<link rel=\"canonical\" href=\"https:\/\/permbledhja.com\/sq\/shtyhen-zgjedhjet-ne-veri-pritet-te-mbahen-ne-muajin-prill\/\" \/>\n<meta property=\"og:locale\" content=\"sq_AL\" \/>\n<meta property=\"og:type\" content=\"article\" \/>\n<meta property=\"og:title\" content=\"Shtyhen zgjedhjet n\u00eb Veri, pritet t\u00eb mbahen n\u00eb muajin prill\" \/>\n<meta property=\"og:description\" content=\"Presidentja e Kosov\u00ebs, Vjosa Osmani ka treguar se \u00ebsht\u00eb marr\u00eb vendim p\u00ebr shtyrje t\u00eb zgjedhjeve. Ajo ka th\u00ebn\u00eb se zgjedhjet do t\u00eb mbahen n\u00eb muajin prill, derisa data e sakt\u00eb do t\u00eb b\u00ebhet publike nes\u00ebr. \u201cDiskutuam rreth dat\u00ebs m\u00eb t\u00eb p\u00ebrshtatshme dhe koh\u00ebs s\u00eb p\u00ebrshtatshme dhe n\u00eb fund me konsensus t\u00eb plot\u00eb, pas propozimit tim [&hellip;]\" \/>\n<meta property=\"og:url\" content=\"https:\/\/permbledhja.com\/sq\/shtyhen-zgjedhjet-ne-veri-pritet-te-mbahen-ne-muajin-prill\/\" \/>\n<meta property=\"og:site_name\" content=\"Ve\u00e7 artikuj p\u00ebrmbledh\u00ebs\" \/>\n<meta property=\"article:publisher\" content=\"https:\/\/www.facebook.com\/press07\/\" \/>\n<meta property=\"article:author\" content=\"https:\/\/www.facebook.com\/kafexhiu.muharrem\/\" \/>\n<meta property=\"article:published_time\" content=\"2022-12-10T15:31:50+00:00\" \/>\n<meta property=\"og:image\" content=\"https:\/\/permbledhja.com\/wp-content\/uploads\/2022\/07\/Vjosa-Osmani-600x360-1.jpg\" \/>\n\t<meta property=\"og:image:width\" content=\"600\" \/>\n\t<meta property=\"og:image:height\" content=\"360\" \/>\n\t<meta property=\"og:image:type\" content=\"image\/jpeg\" \/>\n<meta name=\"author\" content=\"P\u00ebrmbledhja\" \/>\n<meta name=\"twitter:card\" content=\"summary_large_image\" \/>\n<meta name=\"twitter:label1\" content=\"Written by\" \/>\n\t<meta name=\"twitter:data1\" content=\"P\u00ebrmbledhja\" \/>\n\t<meta name=\"twitter:label2\" content=\"Est. reading time\" \/>\n\t<meta name=\"twitter:data2\" content=\"1 minut\u00eb\" \/>\n<script type=\"application\/ld+json\" class=\"yoast-schema-graph\">{\"@context\":\"https:\/\/schema.org\",\"@graph\":[{\"@type\":\"Article\",\"@id\":\"https:\/\/permbledhja.com\/shtyhen-zgjedhjet-ne-veri-pritet-te-mbahen-ne-muajin-prill\/#article\",\"isPartOf\":{\"@id\":\"https:\/\/permbledhja.com\/shtyhen-zgjedhjet-ne-veri-pritet-te-mbahen-ne-muajin-prill\/\"},\"author\":{\"name\":\"P\u00ebrmbledhja\",\"@id\":\"https:\/\/permbledhja.com\/#\/schema\/person\/0d064377258d3221e50693947b9eb4fe\"},\"headline\":\"Shtyhen zgjedhjet n\u00eb Veri, pritet t\u00eb mbahen n\u00eb muajin prill\",\"datePublished\":\"2022-12-10T15:31:50+00:00\",\"dateModified\":\"2022-12-10T15:31:50+00:00\",\"mainEntityOfPage\":{\"@id\":\"https:\/\/permbledhja.com\/shtyhen-zgjedhjet-ne-veri-pritet-te-mbahen-ne-muajin-prill\/\"},\"wordCount\":231,\"publisher\":{\"@id\":\"https:\/\/permbledhja.com\/#organization\"},\"keywords\":[\"Vjosa Osmani\"],\"articleSection\":[\"Kryesoret\"],\"inLanguage\":\"sq\"},{\"@type\":\"WebPage\",\"@id\":\"https:\/\/permbledhja.com\/shtyhen-zgjedhjet-ne-veri-pritet-te-mbahen-ne-muajin-prill\/\",\"url\":\"https:\/\/permbledhja.com\/shtyhen-zgjedhjet-ne-veri-pritet-te-mbahen-ne-muajin-prill\/\",\"name\":\"Shtyhen zgjedhjet n\u00eb Veri, pritet t\u00eb mbahen n\u00eb muajin prill\",\"isPartOf\":{\"@id\":\"https:\/\/permbledhja.com\/#website\"},\"datePublished\":\"2022-12-10T15:31:50+00:00\",\"dateModified\":\"2022-12-10T15:31:50+00:00\",\"breadcrumb\":{\"@id\":\"https:\/\/permbledhja.com\/shtyhen-zgjedhjet-ne-veri-pritet-te-mbahen-ne-muajin-prill\/#breadcrumb\"},\"inLanguage\":\"sq\",\"potentialAction\":[{\"@type\":\"ReadAction\",\"target\":[\"https:\/\/permbledhja.com\/shtyhen-zgjedhjet-ne-veri-pritet-te-mbahen-ne-muajin-prill\/\"]}]},{\"@type\":\"BreadcrumbList\",\"@id\":\"https:\/\/permbledhja.com\/shtyhen-zgjedhjet-ne-veri-pritet-te-mbahen-ne-muajin-prill\/#breadcrumb\",\"itemListElement\":[{\"@type\":\"ListItem\",\"position\":1,\"name\":\"Ballina\",\"item\":\"https:\/\/permbledhja.com\/sq\/\"},{\"@type\":\"ListItem\",\"position\":2,\"name\":\"Shtyhen zgjedhjet n\u00eb Veri, pritet t\u00eb mbahen n\u00eb muajin prill\"}]},{\"@type\":\"WebSite\",\"@id\":\"https:\/\/permbledhja.com\/#website\",\"url\":\"https:\/\/permbledhja.com\/\",\"name\":\"Ve\u00e7 artikuj p\u00ebrmbledh\u00ebs\",\"description\":\"\",\"publisher\":{\"@id\":\"https:\/\/permbledhja.com\/#organization\"},\"potentialAction\":[{\"@type\":\"SearchAction\",\"target\":{\"@type\":\"EntryPoint\",\"urlTemplate\":\"https:\/\/permbledhja.com\/?s={search_term_string}\"},\"query-input\":\"required name=search_term_string\"}],\"inLanguage\":\"sq\"},{\"@type\":\"Organization\",\"@id\":\"https:\/\/permbledhja.com\/#organization\",\"name\":\"MK Media & Pr\",\"url\":\"https:\/\/permbledhja.com\/\",\"logo\":{\"@type\":\"ImageObject\",\"inLanguage\":\"sq\",\"@id\":\"https:\/\/permbledhja.com\/#\/schema\/logo\/image\/\",\"url\":\"https:\/\/permbledhja.com\/wp-content\/uploads\/2021\/12\/07-Press-Logo.jpg\",\"contentUrl\":\"https:\/\/permbledhja.com\/wp-content\/uploads\/2021\/12\/07-Press-Logo.jpg\",\"width\":512,\"height\":512,\"caption\":\"MK Media & Pr\"},\"image\":{\"@id\":\"https:\/\/permbledhja.com\/#\/schema\/logo\/image\/\"},\"sameAs\":[\"https:\/\/www.facebook.com\/press07\/\"]},{\"@type\":\"Person\",\"@id\":\"https:\/\/permbledhja.com\/#\/schema\/person\/0d064377258d3221e50693947b9eb4fe\",\"name\":\"P\u00ebrmbledhja\",\"image\":{\"@type\":\"ImageObject\",\"inLanguage\":\"sq\",\"@id\":\"https:\/\/permbledhja.com\/#\/schema\/person\/image\/\",\"url\":\"https:\/\/permbledhja.com\/wp-content\/uploads\/2026\/01\/452004717_1040944174702970_8932037511805513407_n-96x96.jpg\",\"contentUrl\":\"https:\/\/permbledhja.com\/wp-content\/uploads\/2026\/01\/452004717_1040944174702970_8932037511805513407_n-96x96.jpg\",\"caption\":\"P\u00ebrmbledhja\"},\"sameAs\":[\"https:\/\/www.facebook.com\/kafexhiu.muharrem\/\",\"https:\/\/www.instagram.com\/muharrem_kafexhiu\/\"],\"url\":\"https:\/\/permbledhja.com\/sq\/author\/admin\/\"}]}<\/script>\n<!-- \/ Yoast SEO plugin. -->","yoast_head_json":{"title":"Shtyhen zgjedhjet n\u00eb Veri, pritet t\u00eb mbahen n\u00eb muajin prill","robots":{"index":"index","follow":"follow","max-snippet":"max-snippet:-1","max-image-preview":"max-image-preview:large","max-video-preview":"max-video-preview:-1"},"canonical":"https:\/\/permbledhja.com\/sq\/shtyhen-zgjedhjet-ne-veri-pritet-te-mbahen-ne-muajin-prill\/","og_locale":"sq_AL","og_type":"article","og_title":"Shtyhen zgjedhjet n\u00eb Veri, pritet t\u00eb mbahen n\u00eb muajin prill","og_description":"Presidentja e Kosov\u00ebs, Vjosa Osmani ka treguar se \u00ebsht\u00eb marr\u00eb vendim p\u00ebr shtyrje t\u00eb zgjedhjeve. Ajo ka th\u00ebn\u00eb se zgjedhjet do t\u00eb mbahen n\u00eb muajin prill, derisa data e sakt\u00eb do t\u00eb b\u00ebhet publike nes\u00ebr. \u201cDiskutuam rreth dat\u00ebs m\u00eb t\u00eb p\u00ebrshtatshme dhe koh\u00ebs s\u00eb p\u00ebrshtatshme dhe n\u00eb fund me konsensus t\u00eb plot\u00eb, pas propozimit tim [&hellip;]","og_url":"https:\/\/permbledhja.com\/sq\/shtyhen-zgjedhjet-ne-veri-pritet-te-mbahen-ne-muajin-prill\/","og_site_name":"Ve\u00e7 artikuj p\u00ebrmbledh\u00ebs","article_publisher":"https:\/\/www.facebook.com\/press07\/","article_author":"https:\/\/www.facebook.com\/kafexhiu.muharrem\/","article_published_time":"2022-12-10T15:31:50+00:00","og_image":[{"width":600,"height":360,"url":"https:\/\/permbledhja.com\/wp-content\/uploads\/2022\/07\/Vjosa-Osmani-600x360-1.jpg","type":"image\/jpeg"}],"author":"P\u00ebrmbledhja","twitter_card":"summary_large_image","twitter_misc":{"Written by":"P\u00ebrmbledhja","Est. reading time":"1 minut\u00eb"},"schema":{"@context":"https:\/\/schema.org","@graph":[{"@type":"Article","@id":"https:\/\/permbledhja.com\/shtyhen-zgjedhjet-ne-veri-pritet-te-mbahen-ne-muajin-prill\/#article","isPartOf":{"@id":"https:\/\/permbledhja.com\/shtyhen-zgjedhjet-ne-veri-pritet-te-mbahen-ne-muajin-prill\/"},"author":{"name":"P\u00ebrmbledhja","@id":"https:\/\/permbledhja.com\/#\/schema\/person\/0d064377258d3221e50693947b9eb4fe"},"headline":"Shtyhen zgjedhjet n\u00eb Veri, pritet t\u00eb mbahen n\u00eb muajin prill","datePublished":"2022-12-10T15:31:50+00:00","dateModified":"2022-12-10T15:31:50+00:00","mainEntityOfPage":{"@id":"https:\/\/permbledhja.com\/shtyhen-zgjedhjet-ne-veri-pritet-te-mbahen-ne-muajin-prill\/"},"wordCount":231,"publisher":{"@id":"https:\/\/permbledhja.com\/#organization"},"keywords":["Vjosa Osmani"],"articleSection":["Kryesoret"],"inLanguage":"sq"},{"@type":"WebPage","@id":"https:\/\/permbledhja.com\/shtyhen-zgjedhjet-ne-veri-pritet-te-mbahen-ne-muajin-prill\/","url":"https:\/\/permbledhja.com\/shtyhen-zgjedhjet-ne-veri-pritet-te-mbahen-ne-muajin-prill\/","name":"Shtyhen zgjedhjet n\u00eb Veri, pritet t\u00eb mbahen n\u00eb muajin prill","isPartOf":{"@id":"https:\/\/permbledhja.com\/#website"},"datePublished":"2022-12-10T15:31:50+00:00","dateModified":"2022-12-10T15:31:50+00:00","breadcrumb":{"@id":"https:\/\/permbledhja.com\/shtyhen-zgjedhjet-ne-veri-pritet-te-mbahen-ne-muajin-prill\/#breadcrumb"},"inLanguage":"sq","potentialAction":[{"@type":"ReadAction","target":["https:\/\/permbledhja.com\/shtyhen-zgjedhjet-ne-veri-pritet-te-mbahen-ne-muajin-prill\/"]}]},{"@type":"BreadcrumbList","@id":"https:\/\/permbledhja.com\/shtyhen-zgjedhjet-ne-veri-pritet-te-mbahen-ne-muajin-prill\/#breadcrumb","itemListElement":[{"@type":"ListItem","position":1,"name":"Ballina","item":"https:\/\/permbledhja.com\/sq\/"},{"@type":"ListItem","position":2,"name":"Shtyhen zgjedhjet n\u00eb Veri, pritet t\u00eb mbahen n\u00eb muajin prill"}]},{"@type":"WebSite","@id":"https:\/\/permbledhja.com\/#website","url":"https:\/\/permbledhja.com\/","name":"Ve\u00e7 artikuj p\u00ebrmbledh\u00ebs","description":"","publisher":{"@id":"https:\/\/permbledhja.com\/#organization"},"potentialAction":[{"@type":"SearchAction","target":{"@type":"EntryPoint","urlTemplate":"https:\/\/permbledhja.com\/?s={search_term_string}"},"query-input":"required name=search_term_string"}],"inLanguage":"sq"},{"@type":"Organization","@id":"https:\/\/permbledhja.com\/#organization","name":"MK Media & Pr","url":"https:\/\/permbledhja.com\/","logo":{"@type":"ImageObject","inLanguage":"sq","@id":"https:\/\/permbledhja.com\/#\/schema\/logo\/image\/","url":"https:\/\/permbledhja.com\/wp-content\/uploads\/2021\/12\/07-Press-Logo.jpg","contentUrl":"https:\/\/permbledhja.com\/wp-content\/uploads\/2021\/12\/07-Press-Logo.jpg","width":512,"height":512,"caption":"MK Media & Pr"},"image":{"@id":"https:\/\/permbledhja.com\/#\/schema\/logo\/image\/"},"sameAs":["https:\/\/www.facebook.com\/press07\/"]},{"@type":"Person","@id":"https:\/\/permbledhja.com\/#\/schema\/person\/0d064377258d3221e50693947b9eb4fe","name":"P\u00ebrmbledhja","image":{"@type":"ImageObject","inLanguage":"sq","@id":"https:\/\/permbledhja.com\/#\/schema\/person\/image\/","url":"https:\/\/permbledhja.com\/wp-content\/uploads\/2026\/01\/452004717_1040944174702970_8932037511805513407_n-96x96.jpg","contentUrl":"https:\/\/permbledhja.com\/wp-content\/uploads\/2026\/01\/452004717_1040944174702970_8932037511805513407_n-96x96.jpg","caption":"P\u00ebrmbledhja"},"sameAs":["https:\/\/www.facebook.com\/kafexhiu.muharrem\/","https:\/\/www.instagram.com\/muharrem_kafexhiu\/"],"url":"https:\/\/permbledhja.com\/sq\/author\/admin\/"}]}},"_links":{"self":[{"href":"https:\/\/permbledhja.com\/sq\/wp-json\/wp\/v2\/posts\/10629"}],"collection":[{"href":"https:\/\/permbledhja.com\/sq\/wp-json\/wp\/v2\/posts"}],"about":[{"href":"https:\/\/permbledhja.com\/sq\/wp-json\/wp\/v2\/types\/post"}],"author":[{"embeddable":true,"href":"https:\/\/permbledhja.com\/sq\/wp-json\/wp\/v2\/users\/1"}],"replies":[{"embeddable":true,"href":"https:\/\/permbledhja.com\/sq\/wp-json\/wp\/v2\/comments?post=10629"}],"version-history":[{"count":1,"href":"https:\/\/permbledhja.com\/sq\/wp-json\/wp\/v2\/posts\/10629\/revisions"}],"predecessor-version":[{"id":10630,"href":"https:\/\/permbledhja.com\/sq\/wp-json\/wp\/v2\/posts\/10629\/revisions\/10630"}],"wp:featuredmedia":[{"embeddable":true,"href":"https:\/\/permbledhja.com\/sq\/wp-json\/wp\/v2\/media\/831"}],"wp:attachment":[{"href":"https:\/\/permbledhja.com\/sq\/wp-json\/wp\/v2\/media?parent=10629"}],"wp:term":[{"taxonomy":"category","embeddable":true,"href":"https:\/\/permbledhja.com\/sq\/wp-json\/wp\/v2\/categories?post=10629"},{"taxonomy":"post_tag","embeddable":true,"href":"https:\/\/permbledhja.com\/sq\/wp-json\/wp\/v2\/tags?post=10629"}],"curies":[{"name":"wp","href":"https:\/\/api.w.org\/{rel}","templated":true}]}}