{"id":1062,"date":"2022-07-03T13:05:46","date_gmt":"2022-07-03T13:05:46","guid":{"rendered":"https:\/\/permbledhja.com\/?p=1062"},"modified":"2022-07-03T13:05:46","modified_gmt":"2022-07-03T13:05:46","slug":"vajza-e-komandantit-te-uck-se-studentja-me-e-mire-ne-belgjike","status":"publish","type":"post","link":"https:\/\/permbledhja.com\/sq\/vajza-e-komandantit-te-uck-se-studentja-me-e-mire-ne-belgjike\/","title":{"rendered":"Vajza e komandantit t\u00eb U\u00c7K-s\u00eb, studentja m\u00eb e mir\u00eb n\u00eb Belgjik\u00eb"},"content":{"rendered":"<p><strong>Gjiltina Ahmet Isufi, vajza e veteranit dhe komandantit t\u00eb U\u00c7K-s\u00eb, \u00ebsht\u00eb shpallur studentja m\u00eb e suksesshme e gjenerat\u00ebs n\u00eb programin \u2018Master of Science in Architecture\u2019 n\u00eb universitetin KU Leuven n\u00eb Belgjik\u00eb.<\/strong><\/p>\n<p>Duke fituar titullin laureat, ajo arriti nj\u00eb sukses t\u00eb jasht\u00ebzakonsh\u00ebm duke i g\u00ebzuar prind\u00ebrit e saj.<\/p>\n<p>\u201cGjiltina ime, Laureate of the Year 2020-2022!\u201d, ka shkruar n\u00eb Facebook n\u00ebna e Gjiltin\u00ebs, Shuki Bajrami.<\/p>\n<p>N\u00eb k\u00ebt\u00eb punim, para t\u00eb gjith\u00eb universitetit dhe juris\u00eb s\u00eb jashtme, Gjiltina shpalos t\u00eb err\u00ebtat e burgut politik t\u00eb Gjilanit ku jan\u00eb torturuar shum\u00eb qytetar\u00eb e aktivist\u00eb politik shqiptar\u00eb, shpesh her\u00eb deri n\u00eb vdekje.<\/p>\n<p>Para nj\u00eb publiku t\u00eb gjer\u00eb internacional, Gjiltina arriti t\u2019i tregoj\u00eb bot\u00ebs t\u00eb v\u00ebrtet\u00ebn e err\u00ebt t\u00eb burgut m\u00eb fam\u00ebkeq t\u00eb ish-Jugosllavis\u00eb.<\/p>\n<p>Me kreativitetin e saj arkitektonik, ajo shpalosi vuajtjet dhe sakrificat q\u00eb s\u2019u ndalen asnjeher\u00eb brenda atyre mureve. Si p\u00ebrfundim, ajo th\u00ebrret p\u00ebr mbrojtje t\u00eb k\u00ebtyre objekteve q\u00eb ng\u00ebrthejn\u00eb kaq thell\u00eb historin\u00eb e pasur t\u00eb Kosov\u00ebs.<\/p>\n<p>N\u00eb mesin e qindra studenteve nga e gjith\u00eb bota, Gjiltina edhe nj\u00eb her\u00eb e tregoi potencialin e rinis\u00eb son\u00eb shqiptare.<\/p>\n<p>Gjiltina ka pasur edhe nj\u00eb dedikim p\u00ebr baban\u00eb e saj: \u201cN\u00eb nderim p\u00ebr Ahmet Isufin, babain tim t\u00eb cilit i referohem n\u00eb k\u00ebt\u00eb disertacion si Z. A p\u00ebr nj\u00eb jet\u00eb t\u00eb t\u00ebr\u00eb p\u00ebr sakrific\u00eb t\u00eb past\u00ebr, vet\u00ebmohuese. P\u00ebr ty dhe \u00e7do ushtar tjet\u00ebr, t\u00eb r\u00ebn\u00eb apo t\u00eb gjall\u00eb, q\u00eb m\u00eb solle sot k\u00ebtu: Faleminderit\u201d.<\/p>\n<p><img loading=\"lazy\" decoding=\"async\" src=\"https:\/\/permbledhja.com\/wp-content\/uploads\/2022\/07\/q1-224x300.jpg\" alt=\"\" width=\"224\" height=\"300\" class=\"alignnone size-medium wp-image-1064\" srcset=\"https:\/\/permbledhja.com\/wp-content\/uploads\/2022\/07\/q1-224x300.jpg 224w, https:\/\/permbledhja.com\/wp-content\/uploads\/2022\/07\/q1-9x12.jpg 9w, https:\/\/permbledhja.com\/wp-content\/uploads\/2022\/07\/q1.jpg 749w\" sizes=\"(max-width: 224px) 100vw, 224px\" \/><\/p>\n<p><img loading=\"lazy\" decoding=\"async\" src=\"https:\/\/permbledhja.com\/wp-content\/uploads\/2022\/07\/q2-204x300.jpg\" alt=\"\" width=\"204\" height=\"300\" class=\"alignnone size-medium wp-image-1065\" srcset=\"https:\/\/permbledhja.com\/wp-content\/uploads\/2022\/07\/q2-204x300.jpg 204w, https:\/\/permbledhja.com\/wp-content\/uploads\/2022\/07\/q2-696x1024.jpg 696w, https:\/\/permbledhja.com\/wp-content\/uploads\/2022\/07\/q2-768x1131.jpg 768w, https:\/\/permbledhja.com\/wp-content\/uploads\/2022\/07\/q2-1043x1536.jpg 1043w, https:\/\/permbledhja.com\/wp-content\/uploads\/2022\/07\/q2-8x12.jpg 8w, https:\/\/permbledhja.com\/wp-content\/uploads\/2022\/07\/q2.jpg 1080w\" sizes=\"(max-width: 204px) 100vw, 204px\" \/><\/p>\n","protected":false},"excerpt":{"rendered":"<p>Gjiltina Ahmet Isufi, vajza e veteranit dhe komandantit t\u00eb U\u00c7K-s\u00eb, \u00ebsht\u00eb shpallur studentja m\u00eb e suksesshme e gjenerat\u00ebs n\u00eb programin \u2018Master of Science in Architecture\u2019 n\u00eb universitetin KU Leuven n\u00eb Belgjik\u00eb. Duke fituar titullin laureat, ajo arriti nj\u00eb sukses t\u00eb jasht\u00ebzakonsh\u00ebm duke i g\u00ebzuar prind\u00ebrit e saj. \u201cGjiltina ime, Laureate of the Year 2020-2022!\u201d, ka [&hellip;]<\/p>\n","protected":false},"author":1,"featured_media":1063,"comment_status":"closed","ping_status":"closed","sticky":false,"template":"","format":"standard","meta":{"_monsterinsights_skip_tracking":false,"_monsterinsights_sitenote_active":false,"_monsterinsights_sitenote_note":"","_monsterinsights_sitenote_category":0,"_uf_show_specific_survey":0,"_uf_disable_surveys":false,"footnotes":""},"categories":[22],"tags":[130],"yoast_head":"<!-- This site is optimized with the Yoast SEO plugin v21.5 - https:\/\/yoast.com\/wordpress\/plugins\/seo\/ -->\n<title>Vajza e komandantit t\u00eb U\u00c7K-s\u00eb, studentja m\u00eb e mir\u00eb n\u00eb Belgjik\u00eb<\/title>\n<meta name=\"robots\" content=\"index, follow, max-snippet:-1, max-image-preview:large, max-video-preview:-1\" \/>\n<link rel=\"canonical\" href=\"https:\/\/permbledhja.com\/sq\/vajza-e-komandantit-te-uck-se-studentja-me-e-mire-ne-belgjike\/\" \/>\n<meta property=\"og:locale\" content=\"sq_AL\" \/>\n<meta property=\"og:type\" content=\"article\" \/>\n<meta property=\"og:title\" content=\"Vajza e komandantit t\u00eb U\u00c7K-s\u00eb, studentja m\u00eb e mir\u00eb n\u00eb Belgjik\u00eb\" \/>\n<meta property=\"og:description\" content=\"Gjiltina Ahmet Isufi, vajza e veteranit dhe komandantit t\u00eb U\u00c7K-s\u00eb, \u00ebsht\u00eb shpallur studentja m\u00eb e suksesshme e gjenerat\u00ebs n\u00eb programin \u2018Master of Science in Architecture\u2019 n\u00eb universitetin KU Leuven n\u00eb Belgjik\u00eb. Duke fituar titullin laureat, ajo arriti nj\u00eb sukses t\u00eb jasht\u00ebzakonsh\u00ebm duke i g\u00ebzuar prind\u00ebrit e saj. \u201cGjiltina ime, Laureate of the Year 2020-2022!\u201d, ka [&hellip;]\" \/>\n<meta property=\"og:url\" content=\"https:\/\/permbledhja.com\/sq\/vajza-e-komandantit-te-uck-se-studentja-me-e-mire-ne-belgjike\/\" \/>\n<meta property=\"og:site_name\" content=\"Ve\u00e7 artikuj p\u00ebrmbledh\u00ebs\" \/>\n<meta property=\"article:publisher\" content=\"https:\/\/www.facebook.com\/press07\/\" \/>\n<meta property=\"article:author\" content=\"https:\/\/www.facebook.com\/kafexhiu.muharrem\/\" \/>\n<meta property=\"article:published_time\" content=\"2022-07-03T13:05:46+00:00\" \/>\n<meta property=\"og:image\" content=\"https:\/\/permbledhja.com\/wp-content\/uploads\/2022\/07\/Gjiltina-ISUFI.jpg\" \/>\n\t<meta property=\"og:image:width\" content=\"600\" \/>\n\t<meta property=\"og:image:height\" content=\"360\" \/>\n\t<meta property=\"og:image:type\" content=\"image\/jpeg\" \/>\n<meta name=\"author\" content=\"P\u00ebrmbledhja\" \/>\n<meta name=\"twitter:card\" content=\"summary_large_image\" \/>\n<meta name=\"twitter:label1\" content=\"Written by\" \/>\n\t<meta name=\"twitter:data1\" content=\"P\u00ebrmbledhja\" \/>\n\t<meta name=\"twitter:label2\" content=\"Est. reading time\" \/>\n\t<meta name=\"twitter:data2\" content=\"1 minut\u00eb\" \/>\n<script type=\"application\/ld+json\" class=\"yoast-schema-graph\">{\"@context\":\"https:\/\/schema.org\",\"@graph\":[{\"@type\":\"Article\",\"@id\":\"https:\/\/permbledhja.com\/vajza-e-komandantit-te-uck-se-studentja-me-e-mire-ne-belgjike\/#article\",\"isPartOf\":{\"@id\":\"https:\/\/permbledhja.com\/vajza-e-komandantit-te-uck-se-studentja-me-e-mire-ne-belgjike\/\"},\"author\":{\"name\":\"P\u00ebrmbledhja\",\"@id\":\"https:\/\/permbledhja.com\/#\/schema\/person\/0d064377258d3221e50693947b9eb4fe\"},\"headline\":\"Vajza e komandantit t\u00eb U\u00c7K-s\u00eb, studentja m\u00eb e mir\u00eb n\u00eb Belgjik\u00eb\",\"datePublished\":\"2022-07-03T13:05:46+00:00\",\"dateModified\":\"2022-07-03T13:05:46+00:00\",\"mainEntityOfPage\":{\"@id\":\"https:\/\/permbledhja.com\/vajza-e-komandantit-te-uck-se-studentja-me-e-mire-ne-belgjike\/\"},\"wordCount\":274,\"publisher\":{\"@id\":\"https:\/\/permbledhja.com\/#organization\"},\"keywords\":[\"Belgjik\u00eb\"],\"articleSection\":[\"Ballina\"],\"inLanguage\":\"sq\"},{\"@type\":\"WebPage\",\"@id\":\"https:\/\/permbledhja.com\/vajza-e-komandantit-te-uck-se-studentja-me-e-mire-ne-belgjike\/\",\"url\":\"https:\/\/permbledhja.com\/vajza-e-komandantit-te-uck-se-studentja-me-e-mire-ne-belgjike\/\",\"name\":\"Vajza e komandantit t\u00eb U\u00c7K-s\u00eb, studentja m\u00eb e mir\u00eb n\u00eb Belgjik\u00eb\",\"isPartOf\":{\"@id\":\"https:\/\/permbledhja.com\/#website\"},\"datePublished\":\"2022-07-03T13:05:46+00:00\",\"dateModified\":\"2022-07-03T13:05:46+00:00\",\"breadcrumb\":{\"@id\":\"https:\/\/permbledhja.com\/vajza-e-komandantit-te-uck-se-studentja-me-e-mire-ne-belgjike\/#breadcrumb\"},\"inLanguage\":\"sq\",\"potentialAction\":[{\"@type\":\"ReadAction\",\"target\":[\"https:\/\/permbledhja.com\/vajza-e-komandantit-te-uck-se-studentja-me-e-mire-ne-belgjike\/\"]}]},{\"@type\":\"BreadcrumbList\",\"@id\":\"https:\/\/permbledhja.com\/vajza-e-komandantit-te-uck-se-studentja-me-e-mire-ne-belgjike\/#breadcrumb\",\"itemListElement\":[{\"@type\":\"ListItem\",\"position\":1,\"name\":\"Ballina\",\"item\":\"https:\/\/permbledhja.com\/sq\/\"},{\"@type\":\"ListItem\",\"position\":2,\"name\":\"Vajza e komandantit t\u00eb U\u00c7K-s\u00eb, studentja m\u00eb e mir\u00eb n\u00eb Belgjik\u00eb\"}]},{\"@type\":\"WebSite\",\"@id\":\"https:\/\/permbledhja.com\/#website\",\"url\":\"https:\/\/permbledhja.com\/\",\"name\":\"Ve\u00e7 artikuj p\u00ebrmbledh\u00ebs\",\"description\":\"\",\"publisher\":{\"@id\":\"https:\/\/permbledhja.com\/#organization\"},\"potentialAction\":[{\"@type\":\"SearchAction\",\"target\":{\"@type\":\"EntryPoint\",\"urlTemplate\":\"https:\/\/permbledhja.com\/?s={search_term_string}\"},\"query-input\":\"required name=search_term_string\"}],\"inLanguage\":\"sq\"},{\"@type\":\"Organization\",\"@id\":\"https:\/\/permbledhja.com\/#organization\",\"name\":\"MK Media & Pr\",\"url\":\"https:\/\/permbledhja.com\/\",\"logo\":{\"@type\":\"ImageObject\",\"inLanguage\":\"sq\",\"@id\":\"https:\/\/permbledhja.com\/#\/schema\/logo\/image\/\",\"url\":\"https:\/\/permbledhja.com\/wp-content\/uploads\/2021\/12\/07-Press-Logo.jpg\",\"contentUrl\":\"https:\/\/permbledhja.com\/wp-content\/uploads\/2021\/12\/07-Press-Logo.jpg\",\"width\":512,\"height\":512,\"caption\":\"MK Media & Pr\"},\"image\":{\"@id\":\"https:\/\/permbledhja.com\/#\/schema\/logo\/image\/\"},\"sameAs\":[\"https:\/\/www.facebook.com\/press07\/\"]},{\"@type\":\"Person\",\"@id\":\"https:\/\/permbledhja.com\/#\/schema\/person\/0d064377258d3221e50693947b9eb4fe\",\"name\":\"P\u00ebrmbledhja\",\"image\":{\"@type\":\"ImageObject\",\"inLanguage\":\"sq\",\"@id\":\"https:\/\/permbledhja.com\/#\/schema\/person\/image\/\",\"url\":\"https:\/\/permbledhja.com\/wp-content\/uploads\/2026\/01\/452004717_1040944174702970_8932037511805513407_n-96x96.jpg\",\"contentUrl\":\"https:\/\/permbledhja.com\/wp-content\/uploads\/2026\/01\/452004717_1040944174702970_8932037511805513407_n-96x96.jpg\",\"caption\":\"P\u00ebrmbledhja\"},\"sameAs\":[\"https:\/\/www.facebook.com\/kafexhiu.muharrem\/\",\"https:\/\/www.instagram.com\/muharrem_kafexhiu\/\"],\"url\":\"https:\/\/permbledhja.com\/sq\/author\/admin\/\"}]}<\/script>\n<!-- \/ Yoast SEO plugin. -->","yoast_head_json":{"title":"Vajza e komandantit t\u00eb U\u00c7K-s\u00eb, studentja m\u00eb e mir\u00eb n\u00eb Belgjik\u00eb","robots":{"index":"index","follow":"follow","max-snippet":"max-snippet:-1","max-image-preview":"max-image-preview:large","max-video-preview":"max-video-preview:-1"},"canonical":"https:\/\/permbledhja.com\/sq\/vajza-e-komandantit-te-uck-se-studentja-me-e-mire-ne-belgjike\/","og_locale":"sq_AL","og_type":"article","og_title":"Vajza e komandantit t\u00eb U\u00c7K-s\u00eb, studentja m\u00eb e mir\u00eb n\u00eb Belgjik\u00eb","og_description":"Gjiltina Ahmet Isufi, vajza e veteranit dhe komandantit t\u00eb U\u00c7K-s\u00eb, \u00ebsht\u00eb shpallur studentja m\u00eb e suksesshme e gjenerat\u00ebs n\u00eb programin \u2018Master of Science in Architecture\u2019 n\u00eb universitetin KU Leuven n\u00eb Belgjik\u00eb. Duke fituar titullin laureat, ajo arriti nj\u00eb sukses t\u00eb jasht\u00ebzakonsh\u00ebm duke i g\u00ebzuar prind\u00ebrit e saj. \u201cGjiltina ime, Laureate of the Year 2020-2022!\u201d, ka [&hellip;]","og_url":"https:\/\/permbledhja.com\/sq\/vajza-e-komandantit-te-uck-se-studentja-me-e-mire-ne-belgjike\/","og_site_name":"Ve\u00e7 artikuj p\u00ebrmbledh\u00ebs","article_publisher":"https:\/\/www.facebook.com\/press07\/","article_author":"https:\/\/www.facebook.com\/kafexhiu.muharrem\/","article_published_time":"2022-07-03T13:05:46+00:00","og_image":[{"width":600,"height":360,"url":"https:\/\/permbledhja.com\/wp-content\/uploads\/2022\/07\/Gjiltina-ISUFI.jpg","type":"image\/jpeg"}],"author":"P\u00ebrmbledhja","twitter_card":"summary_large_image","twitter_misc":{"Written by":"P\u00ebrmbledhja","Est. reading time":"1 minut\u00eb"},"schema":{"@context":"https:\/\/schema.org","@graph":[{"@type":"Article","@id":"https:\/\/permbledhja.com\/vajza-e-komandantit-te-uck-se-studentja-me-e-mire-ne-belgjike\/#article","isPartOf":{"@id":"https:\/\/permbledhja.com\/vajza-e-komandantit-te-uck-se-studentja-me-e-mire-ne-belgjike\/"},"author":{"name":"P\u00ebrmbledhja","@id":"https:\/\/permbledhja.com\/#\/schema\/person\/0d064377258d3221e50693947b9eb4fe"},"headline":"Vajza e komandantit t\u00eb U\u00c7K-s\u00eb, studentja m\u00eb e mir\u00eb n\u00eb Belgjik\u00eb","datePublished":"2022-07-03T13:05:46+00:00","dateModified":"2022-07-03T13:05:46+00:00","mainEntityOfPage":{"@id":"https:\/\/permbledhja.com\/vajza-e-komandantit-te-uck-se-studentja-me-e-mire-ne-belgjike\/"},"wordCount":274,"publisher":{"@id":"https:\/\/permbledhja.com\/#organization"},"keywords":["Belgjik\u00eb"],"articleSection":["Ballina"],"inLanguage":"sq"},{"@type":"WebPage","@id":"https:\/\/permbledhja.com\/vajza-e-komandantit-te-uck-se-studentja-me-e-mire-ne-belgjike\/","url":"https:\/\/permbledhja.com\/vajza-e-komandantit-te-uck-se-studentja-me-e-mire-ne-belgjike\/","name":"Vajza e komandantit t\u00eb U\u00c7K-s\u00eb, studentja m\u00eb e mir\u00eb n\u00eb Belgjik\u00eb","isPartOf":{"@id":"https:\/\/permbledhja.com\/#website"},"datePublished":"2022-07-03T13:05:46+00:00","dateModified":"2022-07-03T13:05:46+00:00","breadcrumb":{"@id":"https:\/\/permbledhja.com\/vajza-e-komandantit-te-uck-se-studentja-me-e-mire-ne-belgjike\/#breadcrumb"},"inLanguage":"sq","potentialAction":[{"@type":"ReadAction","target":["https:\/\/permbledhja.com\/vajza-e-komandantit-te-uck-se-studentja-me-e-mire-ne-belgjike\/"]}]},{"@type":"BreadcrumbList","@id":"https:\/\/permbledhja.com\/vajza-e-komandantit-te-uck-se-studentja-me-e-mire-ne-belgjike\/#breadcrumb","itemListElement":[{"@type":"ListItem","position":1,"name":"Ballina","item":"https:\/\/permbledhja.com\/sq\/"},{"@type":"ListItem","position":2,"name":"Vajza e komandantit t\u00eb U\u00c7K-s\u00eb, studentja m\u00eb e mir\u00eb n\u00eb Belgjik\u00eb"}]},{"@type":"WebSite","@id":"https:\/\/permbledhja.com\/#website","url":"https:\/\/permbledhja.com\/","name":"Ve\u00e7 artikuj p\u00ebrmbledh\u00ebs","description":"","publisher":{"@id":"https:\/\/permbledhja.com\/#organization"},"potentialAction":[{"@type":"SearchAction","target":{"@type":"EntryPoint","urlTemplate":"https:\/\/permbledhja.com\/?s={search_term_string}"},"query-input":"required name=search_term_string"}],"inLanguage":"sq"},{"@type":"Organization","@id":"https:\/\/permbledhja.com\/#organization","name":"MK Media & Pr","url":"https:\/\/permbledhja.com\/","logo":{"@type":"ImageObject","inLanguage":"sq","@id":"https:\/\/permbledhja.com\/#\/schema\/logo\/image\/","url":"https:\/\/permbledhja.com\/wp-content\/uploads\/2021\/12\/07-Press-Logo.jpg","contentUrl":"https:\/\/permbledhja.com\/wp-content\/uploads\/2021\/12\/07-Press-Logo.jpg","width":512,"height":512,"caption":"MK Media & Pr"},"image":{"@id":"https:\/\/permbledhja.com\/#\/schema\/logo\/image\/"},"sameAs":["https:\/\/www.facebook.com\/press07\/"]},{"@type":"Person","@id":"https:\/\/permbledhja.com\/#\/schema\/person\/0d064377258d3221e50693947b9eb4fe","name":"P\u00ebrmbledhja","image":{"@type":"ImageObject","inLanguage":"sq","@id":"https:\/\/permbledhja.com\/#\/schema\/person\/image\/","url":"https:\/\/permbledhja.com\/wp-content\/uploads\/2026\/01\/452004717_1040944174702970_8932037511805513407_n-96x96.jpg","contentUrl":"https:\/\/permbledhja.com\/wp-content\/uploads\/2026\/01\/452004717_1040944174702970_8932037511805513407_n-96x96.jpg","caption":"P\u00ebrmbledhja"},"sameAs":["https:\/\/www.facebook.com\/kafexhiu.muharrem\/","https:\/\/www.instagram.com\/muharrem_kafexhiu\/"],"url":"https:\/\/permbledhja.com\/sq\/author\/admin\/"}]}},"_links":{"self":[{"href":"https:\/\/permbledhja.com\/sq\/wp-json\/wp\/v2\/posts\/1062"}],"collection":[{"href":"https:\/\/permbledhja.com\/sq\/wp-json\/wp\/v2\/posts"}],"about":[{"href":"https:\/\/permbledhja.com\/sq\/wp-json\/wp\/v2\/types\/post"}],"author":[{"embeddable":true,"href":"https:\/\/permbledhja.com\/sq\/wp-json\/wp\/v2\/users\/1"}],"replies":[{"embeddable":true,"href":"https:\/\/permbledhja.com\/sq\/wp-json\/wp\/v2\/comments?post=1062"}],"version-history":[{"count":1,"href":"https:\/\/permbledhja.com\/sq\/wp-json\/wp\/v2\/posts\/1062\/revisions"}],"predecessor-version":[{"id":1066,"href":"https:\/\/permbledhja.com\/sq\/wp-json\/wp\/v2\/posts\/1062\/revisions\/1066"}],"wp:featuredmedia":[{"embeddable":true,"href":"https:\/\/permbledhja.com\/sq\/wp-json\/wp\/v2\/media\/1063"}],"wp:attachment":[{"href":"https:\/\/permbledhja.com\/sq\/wp-json\/wp\/v2\/media?parent=1062"}],"wp:term":[{"taxonomy":"category","embeddable":true,"href":"https:\/\/permbledhja.com\/sq\/wp-json\/wp\/v2\/categories?post=1062"},{"taxonomy":"post_tag","embeddable":true,"href":"https:\/\/permbledhja.com\/sq\/wp-json\/wp\/v2\/tags?post=1062"}],"curies":[{"name":"wp","href":"https:\/\/api.w.org\/{rel}","templated":true}]}}