{"id":10619,"date":"2022-12-08T10:58:57","date_gmt":"2022-12-08T10:58:57","guid":{"rendered":"https:\/\/permbledhja.com\/?p=10619"},"modified":"2022-12-08T10:58:57","modified_gmt":"2022-12-08T10:58:57","slug":"aksidenti-ne-arllat-drejtori-i-emergjences-flet-per-gjendjen-shendetesore-te-5-te-lenduarve","status":"publish","type":"post","link":"https:\/\/permbledhja.com\/sq\/aksidenti-ne-arllat-drejtori-i-emergjences-flet-per-gjendjen-shendetesore-te-5-te-lenduarve\/","title":{"rendered":"Aksidenti n\u00eb Arllat: Drejtori i Emergjenc\u00ebs flet p\u00ebr gjendjen sh\u00ebndet\u00ebsore t\u00eb 5 t\u00eb l\u00ebnduarve"},"content":{"rendered":"<p><strong>Nj\u00eb person ka humbur jet\u00ebn nd\u00ebrsa pes\u00eb t\u00eb tjer\u00eb jan\u00eb l\u00ebnduar pas nj\u00eb aksidenti n\u00eb rrug\u00ebn Arllat-Malishev\u00eb, ku jan\u00eb p\u00ebrfshir\u00eb dy vetura.<\/strong><\/p>\n<p>Drejtori i emergjenc\u00ebs n\u00eb QKUK, Naser Syla, n\u00eb nj\u00eb prononcim p\u00ebr Sinjalin tha se nj\u00ebri prej tyre \u00ebsht\u00eb n\u00eb gjendje m\u00eb t\u00eb r\u00ebnd\u00eb sh\u00ebndet\u00ebsore po n\u00eb gjendje stabile.<\/p>\n<p><em>\u201c Gjendja e tyre \u00ebsht\u00eb stabile p\u00ebr momentin, jan\u00eb duke i b\u00ebr\u00eb ekzaminimet mjek\u00ebsore, nj\u00ebri nga kta \u00ebsht\u00eb m\u00eb n\u00eb rrezik dhe sipas t\u00eb gjitha gjasave do t\u00eb transferohet n\u00eb klinik\u00ebn e ortopedis\u00eb \u201d<\/em>, tha ai.<\/p>\n<p>Rastin \u00ebsht\u00eb konfirmuar dhe nga zyrtarja p\u00ebr informim n\u00eb Policin\u00eb Rajonale t\u00eb Prishtin\u00ebs, Flora Ahmeti.<\/p>\n<p>\u201cRreth or\u00ebs 07:00 kemi pranuar informat\u00ebn se n\u00eb rrug\u00ebn Arllat \u2013 Malishev\u00eb, ka ndodhur nj\u00eb aksident trafiku me pasoja fatale. N\u00eb k\u00ebt\u00eb aksident kan\u00eb qen\u00eb t\u00eb p\u00ebrfshira, dy automjete, t\u00eb cilat kan\u00eb qen\u00eb n\u00eb l\u00ebvizje\u201d, ka th\u00ebn\u00eb Ahmeti.<\/p>\n<p>Si pasoj\u00eb e aksidentit l\u00ebndime  trupore kan\u00eb p\u00ebsuar gjasht\u00eb  persona, nj\u00eb prej tyre nuk kan\u00eb arrit\u00eb t\u00eb p\u00ebrballojn\u00eb plag\u00ebt dhe i nj\u00ebjti ka nd\u00ebrruar jet\u00eb.<\/p>\n<p>Vdekjen e tij e ka konstatuar ekipi mjek\u00ebsor n\u00eb vendngjarje, nd\u00ebrkoh\u00eb q\u00eb personat e l\u00ebnduar jan\u00eb d\u00ebrguar p\u00ebr trajtim mjek\u00ebsor.<\/p>\n<p>Me rastin po merret hetuesia nga nj\u00ebsiti i trafikut rrugor.<\/p>\n","protected":false},"excerpt":{"rendered":"<p>Nj\u00eb person ka humbur jet\u00ebn nd\u00ebrsa pes\u00eb t\u00eb tjer\u00eb jan\u00eb l\u00ebnduar pas nj\u00eb aksidenti n\u00eb rrug\u00ebn Arllat-Malishev\u00eb, ku jan\u00eb p\u00ebrfshir\u00eb dy vetura. Drejtori i emergjenc\u00ebs n\u00eb QKUK, Naser Syla, n\u00eb nj\u00eb prononcim p\u00ebr Sinjalin tha se nj\u00ebri prej tyre \u00ebsht\u00eb n\u00eb gjendje m\u00eb t\u00eb r\u00ebnd\u00eb sh\u00ebndet\u00ebsore po n\u00eb gjendje stabile. \u201c Gjendja e tyre \u00ebsht\u00eb [&hellip;]<\/p>\n","protected":false},"author":1,"featured_media":10620,"comment_status":"closed","ping_status":"closed","sticky":false,"template":"","format":"standard","meta":{"_monsterinsights_skip_tracking":false,"_monsterinsights_sitenote_active":false,"_monsterinsights_sitenote_note":"","_monsterinsights_sitenote_category":0,"_uf_show_specific_survey":0,"_uf_disable_surveys":false,"footnotes":""},"categories":[23,15],"tags":[40,1205],"yoast_head":"<!-- This site is optimized with the Yoast SEO plugin v21.5 - https:\/\/yoast.com\/wordpress\/plugins\/seo\/ -->\n<title>Aksidenti n\u00eb Arllat: Drejtori i Emergjenc\u00ebs flet p\u00ebr gjendjen sh\u00ebndet\u00ebsore t\u00eb 5 t\u00eb l\u00ebnduarve<\/title>\n<meta name=\"robots\" content=\"index, follow, max-snippet:-1, max-image-preview:large, max-video-preview:-1\" \/>\n<link rel=\"canonical\" href=\"https:\/\/permbledhja.com\/sq\/aksidenti-ne-arllat-drejtori-i-emergjences-flet-per-gjendjen-shendetesore-te-5-te-lenduarve\/\" \/>\n<meta property=\"og:locale\" content=\"sq_AL\" \/>\n<meta property=\"og:type\" content=\"article\" \/>\n<meta property=\"og:title\" content=\"Aksidenti n\u00eb Arllat: Drejtori i Emergjenc\u00ebs flet p\u00ebr gjendjen sh\u00ebndet\u00ebsore t\u00eb 5 t\u00eb l\u00ebnduarve\" \/>\n<meta property=\"og:description\" content=\"Nj\u00eb person ka humbur jet\u00ebn nd\u00ebrsa pes\u00eb t\u00eb tjer\u00eb jan\u00eb l\u00ebnduar pas nj\u00eb aksidenti n\u00eb rrug\u00ebn Arllat-Malishev\u00eb, ku jan\u00eb p\u00ebrfshir\u00eb dy vetura. Drejtori i emergjenc\u00ebs n\u00eb QKUK, Naser Syla, n\u00eb nj\u00eb prononcim p\u00ebr Sinjalin tha se nj\u00ebri prej tyre \u00ebsht\u00eb n\u00eb gjendje m\u00eb t\u00eb r\u00ebnd\u00eb sh\u00ebndet\u00ebsore po n\u00eb gjendje stabile. \u201c Gjendja e tyre \u00ebsht\u00eb [&hellip;]\" \/>\n<meta property=\"og:url\" content=\"https:\/\/permbledhja.com\/sq\/aksidenti-ne-arllat-drejtori-i-emergjences-flet-per-gjendjen-shendetesore-te-5-te-lenduarve\/\" \/>\n<meta property=\"og:site_name\" content=\"Ve\u00e7 artikuj p\u00ebrmbledh\u00ebs\" \/>\n<meta property=\"article:publisher\" content=\"https:\/\/www.facebook.com\/press07\/\" \/>\n<meta property=\"article:author\" content=\"https:\/\/www.facebook.com\/kafexhiu.muharrem\/\" \/>\n<meta property=\"article:published_time\" content=\"2022-12-08T10:58:57+00:00\" \/>\n<meta property=\"og:image\" content=\"https:\/\/permbledhja.com\/wp-content\/uploads\/2022\/12\/qkuk-1-1.webp\" \/>\n\t<meta property=\"og:image:width\" content=\"1205\" \/>\n\t<meta property=\"og:image:height\" content=\"710\" \/>\n\t<meta property=\"og:image:type\" content=\"image\/webp\" \/>\n<meta name=\"author\" content=\"P\u00ebrmbledhja\" \/>\n<meta name=\"twitter:card\" content=\"summary_large_image\" \/>\n<meta name=\"twitter:label1\" content=\"Written by\" \/>\n\t<meta name=\"twitter:data1\" content=\"P\u00ebrmbledhja\" \/>\n\t<meta name=\"twitter:label2\" content=\"Est. reading time\" \/>\n\t<meta name=\"twitter:data2\" content=\"1 minut\u00eb\" \/>\n<script type=\"application\/ld+json\" class=\"yoast-schema-graph\">{\"@context\":\"https:\/\/schema.org\",\"@graph\":[{\"@type\":\"Article\",\"@id\":\"https:\/\/permbledhja.com\/aksidenti-ne-arllat-drejtori-i-emergjences-flet-per-gjendjen-shendetesore-te-5-te-lenduarve\/#article\",\"isPartOf\":{\"@id\":\"https:\/\/permbledhja.com\/aksidenti-ne-arllat-drejtori-i-emergjences-flet-per-gjendjen-shendetesore-te-5-te-lenduarve\/\"},\"author\":{\"name\":\"P\u00ebrmbledhja\",\"@id\":\"https:\/\/permbledhja.com\/#\/schema\/person\/0d064377258d3221e50693947b9eb4fe\"},\"headline\":\"Aksidenti n\u00eb Arllat: Drejtori i Emergjenc\u00ebs flet p\u00ebr gjendjen sh\u00ebndet\u00ebsore t\u00eb 5 t\u00eb l\u00ebnduarve\",\"datePublished\":\"2022-12-08T10:58:57+00:00\",\"dateModified\":\"2022-12-08T10:58:57+00:00\",\"mainEntityOfPage\":{\"@id\":\"https:\/\/permbledhja.com\/aksidenti-ne-arllat-drejtori-i-emergjences-flet-per-gjendjen-shendetesore-te-5-te-lenduarve\/\"},\"wordCount\":246,\"publisher\":{\"@id\":\"https:\/\/permbledhja.com\/#organization\"},\"keywords\":[\"Aksident\",\"Arrllat\"],\"articleSection\":[\"Komb\u00ebtare\",\"Lajme\"],\"inLanguage\":\"sq\"},{\"@type\":\"WebPage\",\"@id\":\"https:\/\/permbledhja.com\/aksidenti-ne-arllat-drejtori-i-emergjences-flet-per-gjendjen-shendetesore-te-5-te-lenduarve\/\",\"url\":\"https:\/\/permbledhja.com\/aksidenti-ne-arllat-drejtori-i-emergjences-flet-per-gjendjen-shendetesore-te-5-te-lenduarve\/\",\"name\":\"Aksidenti n\u00eb Arllat: Drejtori i Emergjenc\u00ebs flet p\u00ebr gjendjen sh\u00ebndet\u00ebsore t\u00eb 5 t\u00eb l\u00ebnduarve\",\"isPartOf\":{\"@id\":\"https:\/\/permbledhja.com\/#website\"},\"datePublished\":\"2022-12-08T10:58:57+00:00\",\"dateModified\":\"2022-12-08T10:58:57+00:00\",\"breadcrumb\":{\"@id\":\"https:\/\/permbledhja.com\/aksidenti-ne-arllat-drejtori-i-emergjences-flet-per-gjendjen-shendetesore-te-5-te-lenduarve\/#breadcrumb\"},\"inLanguage\":\"sq\",\"potentialAction\":[{\"@type\":\"ReadAction\",\"target\":[\"https:\/\/permbledhja.com\/aksidenti-ne-arllat-drejtori-i-emergjences-flet-per-gjendjen-shendetesore-te-5-te-lenduarve\/\"]}]},{\"@type\":\"BreadcrumbList\",\"@id\":\"https:\/\/permbledhja.com\/aksidenti-ne-arllat-drejtori-i-emergjences-flet-per-gjendjen-shendetesore-te-5-te-lenduarve\/#breadcrumb\",\"itemListElement\":[{\"@type\":\"ListItem\",\"position\":1,\"name\":\"Ballina\",\"item\":\"https:\/\/permbledhja.com\/sq\/\"},{\"@type\":\"ListItem\",\"position\":2,\"name\":\"Aksidenti n\u00eb Arllat: Drejtori i Emergjenc\u00ebs flet p\u00ebr gjendjen sh\u00ebndet\u00ebsore t\u00eb 5 t\u00eb l\u00ebnduarve\"}]},{\"@type\":\"WebSite\",\"@id\":\"https:\/\/permbledhja.com\/#website\",\"url\":\"https:\/\/permbledhja.com\/\",\"name\":\"Ve\u00e7 artikuj p\u00ebrmbledh\u00ebs\",\"description\":\"\",\"publisher\":{\"@id\":\"https:\/\/permbledhja.com\/#organization\"},\"potentialAction\":[{\"@type\":\"SearchAction\",\"target\":{\"@type\":\"EntryPoint\",\"urlTemplate\":\"https:\/\/permbledhja.com\/?s={search_term_string}\"},\"query-input\":\"required name=search_term_string\"}],\"inLanguage\":\"sq\"},{\"@type\":\"Organization\",\"@id\":\"https:\/\/permbledhja.com\/#organization\",\"name\":\"MK Media & Pr\",\"url\":\"https:\/\/permbledhja.com\/\",\"logo\":{\"@type\":\"ImageObject\",\"inLanguage\":\"sq\",\"@id\":\"https:\/\/permbledhja.com\/#\/schema\/logo\/image\/\",\"url\":\"https:\/\/permbledhja.com\/wp-content\/uploads\/2021\/12\/07-Press-Logo.jpg\",\"contentUrl\":\"https:\/\/permbledhja.com\/wp-content\/uploads\/2021\/12\/07-Press-Logo.jpg\",\"width\":512,\"height\":512,\"caption\":\"MK Media & Pr\"},\"image\":{\"@id\":\"https:\/\/permbledhja.com\/#\/schema\/logo\/image\/\"},\"sameAs\":[\"https:\/\/www.facebook.com\/press07\/\"]},{\"@type\":\"Person\",\"@id\":\"https:\/\/permbledhja.com\/#\/schema\/person\/0d064377258d3221e50693947b9eb4fe\",\"name\":\"P\u00ebrmbledhja\",\"image\":{\"@type\":\"ImageObject\",\"inLanguage\":\"sq\",\"@id\":\"https:\/\/permbledhja.com\/#\/schema\/person\/image\/\",\"url\":\"https:\/\/permbledhja.com\/wp-content\/uploads\/2026\/01\/452004717_1040944174702970_8932037511805513407_n-96x96.jpg\",\"contentUrl\":\"https:\/\/permbledhja.com\/wp-content\/uploads\/2026\/01\/452004717_1040944174702970_8932037511805513407_n-96x96.jpg\",\"caption\":\"P\u00ebrmbledhja\"},\"sameAs\":[\"https:\/\/www.facebook.com\/kafexhiu.muharrem\/\",\"https:\/\/www.instagram.com\/muharrem_kafexhiu\/\"],\"url\":\"https:\/\/permbledhja.com\/sq\/author\/admin\/\"}]}<\/script>\n<!-- \/ Yoast SEO plugin. -->","yoast_head_json":{"title":"Aksidenti n\u00eb Arllat: Drejtori i Emergjenc\u00ebs flet p\u00ebr gjendjen sh\u00ebndet\u00ebsore t\u00eb 5 t\u00eb l\u00ebnduarve","robots":{"index":"index","follow":"follow","max-snippet":"max-snippet:-1","max-image-preview":"max-image-preview:large","max-video-preview":"max-video-preview:-1"},"canonical":"https:\/\/permbledhja.com\/sq\/aksidenti-ne-arllat-drejtori-i-emergjences-flet-per-gjendjen-shendetesore-te-5-te-lenduarve\/","og_locale":"sq_AL","og_type":"article","og_title":"Aksidenti n\u00eb Arllat: Drejtori i Emergjenc\u00ebs flet p\u00ebr gjendjen sh\u00ebndet\u00ebsore t\u00eb 5 t\u00eb l\u00ebnduarve","og_description":"Nj\u00eb person ka humbur jet\u00ebn nd\u00ebrsa pes\u00eb t\u00eb tjer\u00eb jan\u00eb l\u00ebnduar pas nj\u00eb aksidenti n\u00eb rrug\u00ebn Arllat-Malishev\u00eb, ku jan\u00eb p\u00ebrfshir\u00eb dy vetura. Drejtori i emergjenc\u00ebs n\u00eb QKUK, Naser Syla, n\u00eb nj\u00eb prononcim p\u00ebr Sinjalin tha se nj\u00ebri prej tyre \u00ebsht\u00eb n\u00eb gjendje m\u00eb t\u00eb r\u00ebnd\u00eb sh\u00ebndet\u00ebsore po n\u00eb gjendje stabile. \u201c Gjendja e tyre \u00ebsht\u00eb [&hellip;]","og_url":"https:\/\/permbledhja.com\/sq\/aksidenti-ne-arllat-drejtori-i-emergjences-flet-per-gjendjen-shendetesore-te-5-te-lenduarve\/","og_site_name":"Ve\u00e7 artikuj p\u00ebrmbledh\u00ebs","article_publisher":"https:\/\/www.facebook.com\/press07\/","article_author":"https:\/\/www.facebook.com\/kafexhiu.muharrem\/","article_published_time":"2022-12-08T10:58:57+00:00","og_image":[{"width":1205,"height":710,"url":"https:\/\/permbledhja.com\/wp-content\/uploads\/2022\/12\/qkuk-1-1.webp","type":"image\/webp"}],"author":"P\u00ebrmbledhja","twitter_card":"summary_large_image","twitter_misc":{"Written by":"P\u00ebrmbledhja","Est. reading time":"1 minut\u00eb"},"schema":{"@context":"https:\/\/schema.org","@graph":[{"@type":"Article","@id":"https:\/\/permbledhja.com\/aksidenti-ne-arllat-drejtori-i-emergjences-flet-per-gjendjen-shendetesore-te-5-te-lenduarve\/#article","isPartOf":{"@id":"https:\/\/permbledhja.com\/aksidenti-ne-arllat-drejtori-i-emergjences-flet-per-gjendjen-shendetesore-te-5-te-lenduarve\/"},"author":{"name":"P\u00ebrmbledhja","@id":"https:\/\/permbledhja.com\/#\/schema\/person\/0d064377258d3221e50693947b9eb4fe"},"headline":"Aksidenti n\u00eb Arllat: Drejtori i Emergjenc\u00ebs flet p\u00ebr gjendjen sh\u00ebndet\u00ebsore t\u00eb 5 t\u00eb l\u00ebnduarve","datePublished":"2022-12-08T10:58:57+00:00","dateModified":"2022-12-08T10:58:57+00:00","mainEntityOfPage":{"@id":"https:\/\/permbledhja.com\/aksidenti-ne-arllat-drejtori-i-emergjences-flet-per-gjendjen-shendetesore-te-5-te-lenduarve\/"},"wordCount":246,"publisher":{"@id":"https:\/\/permbledhja.com\/#organization"},"keywords":["Aksident","Arrllat"],"articleSection":["Komb\u00ebtare","Lajme"],"inLanguage":"sq"},{"@type":"WebPage","@id":"https:\/\/permbledhja.com\/aksidenti-ne-arllat-drejtori-i-emergjences-flet-per-gjendjen-shendetesore-te-5-te-lenduarve\/","url":"https:\/\/permbledhja.com\/aksidenti-ne-arllat-drejtori-i-emergjences-flet-per-gjendjen-shendetesore-te-5-te-lenduarve\/","name":"Aksidenti n\u00eb Arllat: Drejtori i Emergjenc\u00ebs flet p\u00ebr gjendjen sh\u00ebndet\u00ebsore t\u00eb 5 t\u00eb l\u00ebnduarve","isPartOf":{"@id":"https:\/\/permbledhja.com\/#website"},"datePublished":"2022-12-08T10:58:57+00:00","dateModified":"2022-12-08T10:58:57+00:00","breadcrumb":{"@id":"https:\/\/permbledhja.com\/aksidenti-ne-arllat-drejtori-i-emergjences-flet-per-gjendjen-shendetesore-te-5-te-lenduarve\/#breadcrumb"},"inLanguage":"sq","potentialAction":[{"@type":"ReadAction","target":["https:\/\/permbledhja.com\/aksidenti-ne-arllat-drejtori-i-emergjences-flet-per-gjendjen-shendetesore-te-5-te-lenduarve\/"]}]},{"@type":"BreadcrumbList","@id":"https:\/\/permbledhja.com\/aksidenti-ne-arllat-drejtori-i-emergjences-flet-per-gjendjen-shendetesore-te-5-te-lenduarve\/#breadcrumb","itemListElement":[{"@type":"ListItem","position":1,"name":"Ballina","item":"https:\/\/permbledhja.com\/sq\/"},{"@type":"ListItem","position":2,"name":"Aksidenti n\u00eb Arllat: Drejtori i Emergjenc\u00ebs flet p\u00ebr gjendjen sh\u00ebndet\u00ebsore t\u00eb 5 t\u00eb l\u00ebnduarve"}]},{"@type":"WebSite","@id":"https:\/\/permbledhja.com\/#website","url":"https:\/\/permbledhja.com\/","name":"Ve\u00e7 artikuj p\u00ebrmbledh\u00ebs","description":"","publisher":{"@id":"https:\/\/permbledhja.com\/#organization"},"potentialAction":[{"@type":"SearchAction","target":{"@type":"EntryPoint","urlTemplate":"https:\/\/permbledhja.com\/?s={search_term_string}"},"query-input":"required name=search_term_string"}],"inLanguage":"sq"},{"@type":"Organization","@id":"https:\/\/permbledhja.com\/#organization","name":"MK Media & Pr","url":"https:\/\/permbledhja.com\/","logo":{"@type":"ImageObject","inLanguage":"sq","@id":"https:\/\/permbledhja.com\/#\/schema\/logo\/image\/","url":"https:\/\/permbledhja.com\/wp-content\/uploads\/2021\/12\/07-Press-Logo.jpg","contentUrl":"https:\/\/permbledhja.com\/wp-content\/uploads\/2021\/12\/07-Press-Logo.jpg","width":512,"height":512,"caption":"MK Media & Pr"},"image":{"@id":"https:\/\/permbledhja.com\/#\/schema\/logo\/image\/"},"sameAs":["https:\/\/www.facebook.com\/press07\/"]},{"@type":"Person","@id":"https:\/\/permbledhja.com\/#\/schema\/person\/0d064377258d3221e50693947b9eb4fe","name":"P\u00ebrmbledhja","image":{"@type":"ImageObject","inLanguage":"sq","@id":"https:\/\/permbledhja.com\/#\/schema\/person\/image\/","url":"https:\/\/permbledhja.com\/wp-content\/uploads\/2026\/01\/452004717_1040944174702970_8932037511805513407_n-96x96.jpg","contentUrl":"https:\/\/permbledhja.com\/wp-content\/uploads\/2026\/01\/452004717_1040944174702970_8932037511805513407_n-96x96.jpg","caption":"P\u00ebrmbledhja"},"sameAs":["https:\/\/www.facebook.com\/kafexhiu.muharrem\/","https:\/\/www.instagram.com\/muharrem_kafexhiu\/"],"url":"https:\/\/permbledhja.com\/sq\/author\/admin\/"}]}},"_links":{"self":[{"href":"https:\/\/permbledhja.com\/sq\/wp-json\/wp\/v2\/posts\/10619"}],"collection":[{"href":"https:\/\/permbledhja.com\/sq\/wp-json\/wp\/v2\/posts"}],"about":[{"href":"https:\/\/permbledhja.com\/sq\/wp-json\/wp\/v2\/types\/post"}],"author":[{"embeddable":true,"href":"https:\/\/permbledhja.com\/sq\/wp-json\/wp\/v2\/users\/1"}],"replies":[{"embeddable":true,"href":"https:\/\/permbledhja.com\/sq\/wp-json\/wp\/v2\/comments?post=10619"}],"version-history":[{"count":1,"href":"https:\/\/permbledhja.com\/sq\/wp-json\/wp\/v2\/posts\/10619\/revisions"}],"predecessor-version":[{"id":10621,"href":"https:\/\/permbledhja.com\/sq\/wp-json\/wp\/v2\/posts\/10619\/revisions\/10621"}],"wp:featuredmedia":[{"embeddable":true,"href":"https:\/\/permbledhja.com\/sq\/wp-json\/wp\/v2\/media\/10620"}],"wp:attachment":[{"href":"https:\/\/permbledhja.com\/sq\/wp-json\/wp\/v2\/media?parent=10619"}],"wp:term":[{"taxonomy":"category","embeddable":true,"href":"https:\/\/permbledhja.com\/sq\/wp-json\/wp\/v2\/categories?post=10619"},{"taxonomy":"post_tag","embeddable":true,"href":"https:\/\/permbledhja.com\/sq\/wp-json\/wp\/v2\/tags?post=10619"}],"curies":[{"name":"wp","href":"https:\/\/api.w.org\/{rel}","templated":true}]}}