{"id":10520,"date":"2022-12-03T20:50:16","date_gmt":"2022-12-03T20:50:16","guid":{"rendered":"https:\/\/permbledhja.com\/?p=10520"},"modified":"2022-12-03T20:50:16","modified_gmt":"2022-12-03T20:50:16","slug":"gruaja-e-seremb-gjergjit-qe-vdiq-dje-e-mjera-une-per-ty","status":"publish","type":"post","link":"https:\/\/permbledhja.com\/sq\/gruaja-e-seremb-gjergjit-qe-vdiq-dje-e-mjera-une-per-ty\/","title":{"rendered":"Gruaja e Seremb Gjergjit q\u00eb vdiq dje: E mjera un\u00eb p\u00ebr ty"},"content":{"rendered":"<p>Ish gazetari i njohur kosovar, Seremb Gjergji ka nd\u00ebrruar jet\u00eb n\u00eb mosh\u00ebn 46 vje\u00e7.<\/p>\n<p>Gjergji, po luftonte prej vitesh me nj\u00eb s\u00ebmundje t\u00eb r\u00ebnd\u00eb, p\u00ebr \u00e7ka ishte kuruar edhe jasht\u00eb vendit, shkruan \u201cKosovarja\u201d.<\/p>\n<p>Si\u00e7 kuptojm\u00eb, Seremb Gjergji s\u00eb fundi ka qen\u00eb duke u kuruar n\u00eb SHBA.<\/p>\n<p>Bashk\u00eb me Gjergjin n\u00eb k\u00ebt\u00eb luft\u00eb sh\u00ebndet\u00ebsore ishte edhe bashk\u00ebshortja e tij, Sama, e cila edhe ka lajm\u00ebruar p\u00ebr ikjen nga kjo bot\u00eb t\u00eb t\u00eb shoqit.<\/p>\n<p>Nd\u00ebrkoh\u00eb, Sama ka l\u00ebn\u00eb edhe nj\u00eb postim n\u00eb faqen e saj. Ja \u00e7far\u00eb shkruan:<\/p>\n<p><img loading=\"lazy\" decoding=\"async\" src=\"https:\/\/permbledhja.com\/wp-content\/uploads\/2022\/12\/EA7777E3-E250-4AF3-9616-35FC5AEB967C.webp\" alt=\"\" width=\"1180\" height=\"2048\" class=\"alignnone size-full wp-image-10522\" srcset=\"https:\/\/permbledhja.com\/wp-content\/uploads\/2022\/12\/EA7777E3-E250-4AF3-9616-35FC5AEB967C.webp 1180w, https:\/\/permbledhja.com\/wp-content\/uploads\/2022\/12\/EA7777E3-E250-4AF3-9616-35FC5AEB967C-173x300.webp 173w, https:\/\/permbledhja.com\/wp-content\/uploads\/2022\/12\/EA7777E3-E250-4AF3-9616-35FC5AEB967C-590x1024.webp 590w, https:\/\/permbledhja.com\/wp-content\/uploads\/2022\/12\/EA7777E3-E250-4AF3-9616-35FC5AEB967C-768x1333.webp 768w, https:\/\/permbledhja.com\/wp-content\/uploads\/2022\/12\/EA7777E3-E250-4AF3-9616-35FC5AEB967C-885x1536.webp 885w, https:\/\/permbledhja.com\/wp-content\/uploads\/2022\/12\/EA7777E3-E250-4AF3-9616-35FC5AEB967C-7x12.webp 7w\" sizes=\"(max-width: 1180px) 100vw, 1180px\" \/><\/p>\n","protected":false},"excerpt":{"rendered":"<p>Ish gazetari i njohur kosovar, Seremb Gjergji ka nd\u00ebrruar jet\u00eb n\u00eb mosh\u00ebn 46 vje\u00e7. Gjergji, po luftonte prej vitesh me nj\u00eb s\u00ebmundje t\u00eb r\u00ebnd\u00eb, p\u00ebr \u00e7ka ishte kuruar edhe jasht\u00eb vendit, shkruan \u201cKosovarja\u201d. Si\u00e7 kuptojm\u00eb, Seremb Gjergji s\u00eb fundi ka qen\u00eb duke u kuruar n\u00eb SHBA. Bashk\u00eb me Gjergjin n\u00eb k\u00ebt\u00eb luft\u00eb sh\u00ebndet\u00ebsore ishte edhe [&hellip;]<\/p>\n","protected":false},"author":1,"featured_media":10521,"comment_status":"closed","ping_status":"closed","sticky":false,"template":"","format":"standard","meta":{"_monsterinsights_skip_tracking":false,"_monsterinsights_sitenote_active":false,"_monsterinsights_sitenote_note":"","_monsterinsights_sitenote_category":0,"_uf_show_specific_survey":0,"_uf_disable_surveys":false,"footnotes":""},"categories":[23,15],"tags":[1186],"yoast_head":"<!-- This site is optimized with the Yoast SEO plugin v21.5 - https:\/\/yoast.com\/wordpress\/plugins\/seo\/ -->\n<title>Gruaja e Seremb Gjergjit q\u00eb vdiq dje: E mjera un\u00eb p\u00ebr ty<\/title>\n<meta name=\"robots\" content=\"index, follow, max-snippet:-1, max-image-preview:large, max-video-preview:-1\" \/>\n<link rel=\"canonical\" href=\"https:\/\/permbledhja.com\/sq\/gruaja-e-seremb-gjergjit-qe-vdiq-dje-e-mjera-une-per-ty\/\" \/>\n<meta property=\"og:locale\" content=\"sq_AL\" \/>\n<meta property=\"og:type\" content=\"article\" \/>\n<meta property=\"og:title\" content=\"Gruaja e Seremb Gjergjit q\u00eb vdiq dje: E mjera un\u00eb p\u00ebr ty\" \/>\n<meta property=\"og:description\" content=\"Ish gazetari i njohur kosovar, Seremb Gjergji ka nd\u00ebrruar jet\u00eb n\u00eb mosh\u00ebn 46 vje\u00e7. Gjergji, po luftonte prej vitesh me nj\u00eb s\u00ebmundje t\u00eb r\u00ebnd\u00eb, p\u00ebr \u00e7ka ishte kuruar edhe jasht\u00eb vendit, shkruan \u201cKosovarja\u201d. Si\u00e7 kuptojm\u00eb, Seremb Gjergji s\u00eb fundi ka qen\u00eb duke u kuruar n\u00eb SHBA. Bashk\u00eb me Gjergjin n\u00eb k\u00ebt\u00eb luft\u00eb sh\u00ebndet\u00ebsore ishte edhe [&hellip;]\" \/>\n<meta property=\"og:url\" content=\"https:\/\/permbledhja.com\/sq\/gruaja-e-seremb-gjergjit-qe-vdiq-dje-e-mjera-une-per-ty\/\" \/>\n<meta property=\"og:site_name\" content=\"Ve\u00e7 artikuj p\u00ebrmbledh\u00ebs\" \/>\n<meta property=\"article:publisher\" content=\"https:\/\/www.facebook.com\/press07\/\" \/>\n<meta property=\"article:author\" content=\"https:\/\/www.facebook.com\/kafexhiu.muharrem\/\" \/>\n<meta property=\"article:published_time\" content=\"2022-12-03T20:50:16+00:00\" \/>\n<meta property=\"og:image\" content=\"https:\/\/permbledhja.com\/wp-content\/uploads\/2022\/12\/5DF69D7E-13F7-48BE-9210-FA181F6BC125.webp\" \/>\n\t<meta property=\"og:image:width\" content=\"593\" \/>\n\t<meta property=\"og:image:height\" content=\"264\" \/>\n\t<meta property=\"og:image:type\" content=\"image\/webp\" \/>\n<meta name=\"author\" content=\"P\u00ebrmbledhja\" \/>\n<meta name=\"twitter:card\" content=\"summary_large_image\" \/>\n<meta name=\"twitter:label1\" content=\"Written by\" \/>\n\t<meta name=\"twitter:data1\" content=\"P\u00ebrmbledhja\" \/>\n<script type=\"application\/ld+json\" class=\"yoast-schema-graph\">{\"@context\":\"https:\/\/schema.org\",\"@graph\":[{\"@type\":\"Article\",\"@id\":\"https:\/\/permbledhja.com\/gruaja-e-seremb-gjergjit-qe-vdiq-dje-e-mjera-une-per-ty\/#article\",\"isPartOf\":{\"@id\":\"https:\/\/permbledhja.com\/gruaja-e-seremb-gjergjit-qe-vdiq-dje-e-mjera-une-per-ty\/\"},\"author\":{\"name\":\"P\u00ebrmbledhja\",\"@id\":\"https:\/\/permbledhja.com\/#\/schema\/person\/0d064377258d3221e50693947b9eb4fe\"},\"headline\":\"Gruaja e Seremb Gjergjit q\u00eb vdiq dje: E mjera un\u00eb p\u00ebr ty\",\"datePublished\":\"2022-12-03T20:50:16+00:00\",\"dateModified\":\"2022-12-03T20:50:16+00:00\",\"mainEntityOfPage\":{\"@id\":\"https:\/\/permbledhja.com\/gruaja-e-seremb-gjergjit-qe-vdiq-dje-e-mjera-une-per-ty\/\"},\"wordCount\":111,\"publisher\":{\"@id\":\"https:\/\/permbledhja.com\/#organization\"},\"keywords\":[\"Seremb Gjergji\"],\"articleSection\":[\"Komb\u00ebtare\",\"Lajme\"],\"inLanguage\":\"sq\"},{\"@type\":\"WebPage\",\"@id\":\"https:\/\/permbledhja.com\/gruaja-e-seremb-gjergjit-qe-vdiq-dje-e-mjera-une-per-ty\/\",\"url\":\"https:\/\/permbledhja.com\/gruaja-e-seremb-gjergjit-qe-vdiq-dje-e-mjera-une-per-ty\/\",\"name\":\"Gruaja e Seremb Gjergjit q\u00eb vdiq dje: E mjera un\u00eb p\u00ebr ty\",\"isPartOf\":{\"@id\":\"https:\/\/permbledhja.com\/#website\"},\"datePublished\":\"2022-12-03T20:50:16+00:00\",\"dateModified\":\"2022-12-03T20:50:16+00:00\",\"breadcrumb\":{\"@id\":\"https:\/\/permbledhja.com\/gruaja-e-seremb-gjergjit-qe-vdiq-dje-e-mjera-une-per-ty\/#breadcrumb\"},\"inLanguage\":\"sq\",\"potentialAction\":[{\"@type\":\"ReadAction\",\"target\":[\"https:\/\/permbledhja.com\/gruaja-e-seremb-gjergjit-qe-vdiq-dje-e-mjera-une-per-ty\/\"]}]},{\"@type\":\"BreadcrumbList\",\"@id\":\"https:\/\/permbledhja.com\/gruaja-e-seremb-gjergjit-qe-vdiq-dje-e-mjera-une-per-ty\/#breadcrumb\",\"itemListElement\":[{\"@type\":\"ListItem\",\"position\":1,\"name\":\"Ballina\",\"item\":\"https:\/\/permbledhja.com\/sq\/\"},{\"@type\":\"ListItem\",\"position\":2,\"name\":\"Gruaja e Seremb Gjergjit q\u00eb vdiq dje: E mjera un\u00eb p\u00ebr ty\"}]},{\"@type\":\"WebSite\",\"@id\":\"https:\/\/permbledhja.com\/#website\",\"url\":\"https:\/\/permbledhja.com\/\",\"name\":\"Ve\u00e7 artikuj p\u00ebrmbledh\u00ebs\",\"description\":\"\",\"publisher\":{\"@id\":\"https:\/\/permbledhja.com\/#organization\"},\"potentialAction\":[{\"@type\":\"SearchAction\",\"target\":{\"@type\":\"EntryPoint\",\"urlTemplate\":\"https:\/\/permbledhja.com\/?s={search_term_string}\"},\"query-input\":\"required name=search_term_string\"}],\"inLanguage\":\"sq\"},{\"@type\":\"Organization\",\"@id\":\"https:\/\/permbledhja.com\/#organization\",\"name\":\"MK Media & Pr\",\"url\":\"https:\/\/permbledhja.com\/\",\"logo\":{\"@type\":\"ImageObject\",\"inLanguage\":\"sq\",\"@id\":\"https:\/\/permbledhja.com\/#\/schema\/logo\/image\/\",\"url\":\"https:\/\/permbledhja.com\/wp-content\/uploads\/2021\/12\/07-Press-Logo.jpg\",\"contentUrl\":\"https:\/\/permbledhja.com\/wp-content\/uploads\/2021\/12\/07-Press-Logo.jpg\",\"width\":512,\"height\":512,\"caption\":\"MK Media & Pr\"},\"image\":{\"@id\":\"https:\/\/permbledhja.com\/#\/schema\/logo\/image\/\"},\"sameAs\":[\"https:\/\/www.facebook.com\/press07\/\"]},{\"@type\":\"Person\",\"@id\":\"https:\/\/permbledhja.com\/#\/schema\/person\/0d064377258d3221e50693947b9eb4fe\",\"name\":\"P\u00ebrmbledhja\",\"image\":{\"@type\":\"ImageObject\",\"inLanguage\":\"sq\",\"@id\":\"https:\/\/permbledhja.com\/#\/schema\/person\/image\/\",\"url\":\"https:\/\/permbledhja.com\/wp-content\/uploads\/2026\/01\/452004717_1040944174702970_8932037511805513407_n-96x96.jpg\",\"contentUrl\":\"https:\/\/permbledhja.com\/wp-content\/uploads\/2026\/01\/452004717_1040944174702970_8932037511805513407_n-96x96.jpg\",\"caption\":\"P\u00ebrmbledhja\"},\"sameAs\":[\"https:\/\/www.facebook.com\/kafexhiu.muharrem\/\",\"https:\/\/www.instagram.com\/muharrem_kafexhiu\/\"],\"url\":\"https:\/\/permbledhja.com\/sq\/author\/admin\/\"}]}<\/script>\n<!-- \/ Yoast SEO plugin. -->","yoast_head_json":{"title":"Gruaja e Seremb Gjergjit q\u00eb vdiq dje: E mjera un\u00eb p\u00ebr ty","robots":{"index":"index","follow":"follow","max-snippet":"max-snippet:-1","max-image-preview":"max-image-preview:large","max-video-preview":"max-video-preview:-1"},"canonical":"https:\/\/permbledhja.com\/sq\/gruaja-e-seremb-gjergjit-qe-vdiq-dje-e-mjera-une-per-ty\/","og_locale":"sq_AL","og_type":"article","og_title":"Gruaja e Seremb Gjergjit q\u00eb vdiq dje: E mjera un\u00eb p\u00ebr ty","og_description":"Ish gazetari i njohur kosovar, Seremb Gjergji ka nd\u00ebrruar jet\u00eb n\u00eb mosh\u00ebn 46 vje\u00e7. Gjergji, po luftonte prej vitesh me nj\u00eb s\u00ebmundje t\u00eb r\u00ebnd\u00eb, p\u00ebr \u00e7ka ishte kuruar edhe jasht\u00eb vendit, shkruan \u201cKosovarja\u201d. Si\u00e7 kuptojm\u00eb, Seremb Gjergji s\u00eb fundi ka qen\u00eb duke u kuruar n\u00eb SHBA. Bashk\u00eb me Gjergjin n\u00eb k\u00ebt\u00eb luft\u00eb sh\u00ebndet\u00ebsore ishte edhe [&hellip;]","og_url":"https:\/\/permbledhja.com\/sq\/gruaja-e-seremb-gjergjit-qe-vdiq-dje-e-mjera-une-per-ty\/","og_site_name":"Ve\u00e7 artikuj p\u00ebrmbledh\u00ebs","article_publisher":"https:\/\/www.facebook.com\/press07\/","article_author":"https:\/\/www.facebook.com\/kafexhiu.muharrem\/","article_published_time":"2022-12-03T20:50:16+00:00","og_image":[{"width":593,"height":264,"url":"https:\/\/permbledhja.com\/wp-content\/uploads\/2022\/12\/5DF69D7E-13F7-48BE-9210-FA181F6BC125.webp","type":"image\/webp"}],"author":"P\u00ebrmbledhja","twitter_card":"summary_large_image","twitter_misc":{"Written by":"P\u00ebrmbledhja"},"schema":{"@context":"https:\/\/schema.org","@graph":[{"@type":"Article","@id":"https:\/\/permbledhja.com\/gruaja-e-seremb-gjergjit-qe-vdiq-dje-e-mjera-une-per-ty\/#article","isPartOf":{"@id":"https:\/\/permbledhja.com\/gruaja-e-seremb-gjergjit-qe-vdiq-dje-e-mjera-une-per-ty\/"},"author":{"name":"P\u00ebrmbledhja","@id":"https:\/\/permbledhja.com\/#\/schema\/person\/0d064377258d3221e50693947b9eb4fe"},"headline":"Gruaja e Seremb Gjergjit q\u00eb vdiq dje: E mjera un\u00eb p\u00ebr ty","datePublished":"2022-12-03T20:50:16+00:00","dateModified":"2022-12-03T20:50:16+00:00","mainEntityOfPage":{"@id":"https:\/\/permbledhja.com\/gruaja-e-seremb-gjergjit-qe-vdiq-dje-e-mjera-une-per-ty\/"},"wordCount":111,"publisher":{"@id":"https:\/\/permbledhja.com\/#organization"},"keywords":["Seremb Gjergji"],"articleSection":["Komb\u00ebtare","Lajme"],"inLanguage":"sq"},{"@type":"WebPage","@id":"https:\/\/permbledhja.com\/gruaja-e-seremb-gjergjit-qe-vdiq-dje-e-mjera-une-per-ty\/","url":"https:\/\/permbledhja.com\/gruaja-e-seremb-gjergjit-qe-vdiq-dje-e-mjera-une-per-ty\/","name":"Gruaja e Seremb Gjergjit q\u00eb vdiq dje: E mjera un\u00eb p\u00ebr ty","isPartOf":{"@id":"https:\/\/permbledhja.com\/#website"},"datePublished":"2022-12-03T20:50:16+00:00","dateModified":"2022-12-03T20:50:16+00:00","breadcrumb":{"@id":"https:\/\/permbledhja.com\/gruaja-e-seremb-gjergjit-qe-vdiq-dje-e-mjera-une-per-ty\/#breadcrumb"},"inLanguage":"sq","potentialAction":[{"@type":"ReadAction","target":["https:\/\/permbledhja.com\/gruaja-e-seremb-gjergjit-qe-vdiq-dje-e-mjera-une-per-ty\/"]}]},{"@type":"BreadcrumbList","@id":"https:\/\/permbledhja.com\/gruaja-e-seremb-gjergjit-qe-vdiq-dje-e-mjera-une-per-ty\/#breadcrumb","itemListElement":[{"@type":"ListItem","position":1,"name":"Ballina","item":"https:\/\/permbledhja.com\/sq\/"},{"@type":"ListItem","position":2,"name":"Gruaja e Seremb Gjergjit q\u00eb vdiq dje: E mjera un\u00eb p\u00ebr ty"}]},{"@type":"WebSite","@id":"https:\/\/permbledhja.com\/#website","url":"https:\/\/permbledhja.com\/","name":"Ve\u00e7 artikuj p\u00ebrmbledh\u00ebs","description":"","publisher":{"@id":"https:\/\/permbledhja.com\/#organization"},"potentialAction":[{"@type":"SearchAction","target":{"@type":"EntryPoint","urlTemplate":"https:\/\/permbledhja.com\/?s={search_term_string}"},"query-input":"required name=search_term_string"}],"inLanguage":"sq"},{"@type":"Organization","@id":"https:\/\/permbledhja.com\/#organization","name":"MK Media & Pr","url":"https:\/\/permbledhja.com\/","logo":{"@type":"ImageObject","inLanguage":"sq","@id":"https:\/\/permbledhja.com\/#\/schema\/logo\/image\/","url":"https:\/\/permbledhja.com\/wp-content\/uploads\/2021\/12\/07-Press-Logo.jpg","contentUrl":"https:\/\/permbledhja.com\/wp-content\/uploads\/2021\/12\/07-Press-Logo.jpg","width":512,"height":512,"caption":"MK Media & Pr"},"image":{"@id":"https:\/\/permbledhja.com\/#\/schema\/logo\/image\/"},"sameAs":["https:\/\/www.facebook.com\/press07\/"]},{"@type":"Person","@id":"https:\/\/permbledhja.com\/#\/schema\/person\/0d064377258d3221e50693947b9eb4fe","name":"P\u00ebrmbledhja","image":{"@type":"ImageObject","inLanguage":"sq","@id":"https:\/\/permbledhja.com\/#\/schema\/person\/image\/","url":"https:\/\/permbledhja.com\/wp-content\/uploads\/2026\/01\/452004717_1040944174702970_8932037511805513407_n-96x96.jpg","contentUrl":"https:\/\/permbledhja.com\/wp-content\/uploads\/2026\/01\/452004717_1040944174702970_8932037511805513407_n-96x96.jpg","caption":"P\u00ebrmbledhja"},"sameAs":["https:\/\/www.facebook.com\/kafexhiu.muharrem\/","https:\/\/www.instagram.com\/muharrem_kafexhiu\/"],"url":"https:\/\/permbledhja.com\/sq\/author\/admin\/"}]}},"_links":{"self":[{"href":"https:\/\/permbledhja.com\/sq\/wp-json\/wp\/v2\/posts\/10520"}],"collection":[{"href":"https:\/\/permbledhja.com\/sq\/wp-json\/wp\/v2\/posts"}],"about":[{"href":"https:\/\/permbledhja.com\/sq\/wp-json\/wp\/v2\/types\/post"}],"author":[{"embeddable":true,"href":"https:\/\/permbledhja.com\/sq\/wp-json\/wp\/v2\/users\/1"}],"replies":[{"embeddable":true,"href":"https:\/\/permbledhja.com\/sq\/wp-json\/wp\/v2\/comments?post=10520"}],"version-history":[{"count":1,"href":"https:\/\/permbledhja.com\/sq\/wp-json\/wp\/v2\/posts\/10520\/revisions"}],"predecessor-version":[{"id":10523,"href":"https:\/\/permbledhja.com\/sq\/wp-json\/wp\/v2\/posts\/10520\/revisions\/10523"}],"wp:featuredmedia":[{"embeddable":true,"href":"https:\/\/permbledhja.com\/sq\/wp-json\/wp\/v2\/media\/10521"}],"wp:attachment":[{"href":"https:\/\/permbledhja.com\/sq\/wp-json\/wp\/v2\/media?parent=10520"}],"wp:term":[{"taxonomy":"category","embeddable":true,"href":"https:\/\/permbledhja.com\/sq\/wp-json\/wp\/v2\/categories?post=10520"},{"taxonomy":"post_tag","embeddable":true,"href":"https:\/\/permbledhja.com\/sq\/wp-json\/wp\/v2\/tags?post=10520"}],"curies":[{"name":"wp","href":"https:\/\/api.w.org\/{rel}","templated":true}]}}