{"id":10445,"date":"2022-11-29T11:36:50","date_gmt":"2022-11-29T11:36:50","guid":{"rendered":"https:\/\/permbledhja.com\/?p=10445"},"modified":"2022-11-29T11:36:50","modified_gmt":"2022-11-29T11:36:50","slug":"nje-shofer-shkel-kembesorin-ne-veri-pamjet-i-nxjerr-kandidati-serb-per-kryetar-video","status":"publish","type":"post","link":"https:\/\/permbledhja.com\/sq\/nje-shofer-shkel-kembesorin-ne-veri-pamjet-i-nxjerr-kandidati-serb-per-kryetar-video\/","title":{"rendered":"Nj\u00eb shofer shkel k\u00ebmb\u00ebsorin n\u00eb veri, pamjet i nxjerr kandidati serb p\u00ebr kryetar (Video)"},"content":{"rendered":"<p><strong>Aleksandar Arsenijoviq kandidati p\u00ebr kryetar t\u00eb Mitrovic\u00ebs Veriore, ka publikuar nj\u00eb video shokuese n\u00eb rrjetin social Facebook nga Leposaviqi.<\/strong><\/p>\n<p>N\u00eb videon q\u00eb ka publikuar Arsenijoviq, shihet momenti kur nj\u00eb qytetar goditet nga nj\u00eb vetur\u00eb q\u00eb po l\u00ebvizte derisa shoferi madje edhe e incizon veprimin e tij.<\/p>\n<p>Sipas tij ky rast ka ndodhur para stacionit t\u00eb Policis\u00eb.<\/p>\n<p>Nuk dihen arsyet e goditjes s\u00eb tij, por kjo gj\u00eb ilustron situat\u00ebn n\u00eb t\u00eb cil\u00ebn ndodhen aktualisht qytetar\u00ebt tan\u00eb serb\u00eb n\u00eb munges\u00eb t\u00eb forcave t\u00eb rendit.<\/p>\n<p>Politikani Arsenijoviq ka th\u00ebn\u00eb se \u00ebsht\u00eb i tmerruar nga ky rast teksa shpreson q\u00eb i dyshuari t\u00eb p\u00ebrgjigjet p\u00ebr k\u00ebt\u00eb vep\u00ebr.\/Gazeta10<\/p>\n<p><iframe loading=\"lazy\" src=\"https:\/\/www.facebook.com\/plugins\/video.php?height=476&#038;href=https%3A%2F%2Fwww.facebook.com%2Faleksandarapy.arsenijevic%2Fvideos%2F460726139467479%2F&#038;show_text=true&#038;width=264&#038;t=0\" width=\"264\" height=\"591\" style=\"border:none;overflow:hidden\" scrolling=\"no\" frameborder=\"0\" allowfullscreen=\"true\" allow=\"autoplay; clipboard-write; encrypted-media; picture-in-picture; web-share\" allowFullScreen=\"true\"><\/iframe><\/p>\n","protected":false},"excerpt":{"rendered":"<p>Aleksandar Arsenijoviq kandidati p\u00ebr kryetar t\u00eb Mitrovic\u00ebs Veriore, ka publikuar nj\u00eb video shokuese n\u00eb rrjetin social Facebook nga Leposaviqi. N\u00eb videon q\u00eb ka publikuar Arsenijoviq, shihet momenti kur nj\u00eb qytetar goditet nga nj\u00eb vetur\u00eb q\u00eb po l\u00ebvizte derisa shoferi madje edhe e incizon veprimin e tij. Sipas tij ky rast ka ndodhur para stacionit t\u00eb [&hellip;]<\/p>\n","protected":false},"author":1,"featured_media":10446,"comment_status":"closed","ping_status":"closed","sticky":false,"template":"","format":"standard","meta":{"_monsterinsights_skip_tracking":false,"_monsterinsights_sitenote_active":false,"_monsterinsights_sitenote_note":"","_monsterinsights_sitenote_category":0,"_uf_show_specific_survey":0,"_uf_disable_surveys":false,"footnotes":""},"categories":[1146],"tags":[375,1169],"yoast_head":"<!-- This site is optimized with the Yoast SEO plugin v21.5 - https:\/\/yoast.com\/wordpress\/plugins\/seo\/ -->\n<title>Nj\u00eb shofer shkel k\u00ebmb\u00ebsorin n\u00eb veri, pamjet i nxjerr kandidati serb p\u00ebr kryetar (Video)<\/title>\n<meta name=\"robots\" content=\"index, follow, max-snippet:-1, max-image-preview:large, max-video-preview:-1\" \/>\n<link rel=\"canonical\" href=\"https:\/\/permbledhja.com\/sq\/nje-shofer-shkel-kembesorin-ne-veri-pamjet-i-nxjerr-kandidati-serb-per-kryetar-video\/\" \/>\n<meta property=\"og:locale\" content=\"sq_AL\" \/>\n<meta property=\"og:type\" content=\"article\" \/>\n<meta property=\"og:title\" content=\"Nj\u00eb shofer shkel k\u00ebmb\u00ebsorin n\u00eb veri, pamjet i nxjerr kandidati serb p\u00ebr kryetar (Video)\" \/>\n<meta property=\"og:description\" content=\"Aleksandar Arsenijoviq kandidati p\u00ebr kryetar t\u00eb Mitrovic\u00ebs Veriore, ka publikuar nj\u00eb video shokuese n\u00eb rrjetin social Facebook nga Leposaviqi. N\u00eb videon q\u00eb ka publikuar Arsenijoviq, shihet momenti kur nj\u00eb qytetar goditet nga nj\u00eb vetur\u00eb q\u00eb po l\u00ebvizte derisa shoferi madje edhe e incizon veprimin e tij. Sipas tij ky rast ka ndodhur para stacionit t\u00eb [&hellip;]\" \/>\n<meta property=\"og:url\" content=\"https:\/\/permbledhja.com\/sq\/nje-shofer-shkel-kembesorin-ne-veri-pamjet-i-nxjerr-kandidati-serb-per-kryetar-video\/\" \/>\n<meta property=\"og:site_name\" content=\"Ve\u00e7 artikuj p\u00ebrmbledh\u00ebs\" \/>\n<meta property=\"article:publisher\" content=\"https:\/\/www.facebook.com\/press07\/\" \/>\n<meta property=\"article:author\" content=\"https:\/\/www.facebook.com\/kafexhiu.muharrem\/\" \/>\n<meta property=\"article:published_time\" content=\"2022-11-29T11:36:50+00:00\" \/>\n<meta property=\"og:image\" content=\"https:\/\/permbledhja.com\/wp-content\/uploads\/2022\/11\/ghjkl.png\" \/>\n\t<meta property=\"og:image:width\" content=\"560\" \/>\n\t<meta property=\"og:image:height\" content=\"314\" \/>\n\t<meta property=\"og:image:type\" content=\"image\/png\" \/>\n<meta name=\"author\" content=\"P\u00ebrmbledhja\" \/>\n<meta name=\"twitter:card\" content=\"summary_large_image\" \/>\n<meta name=\"twitter:label1\" content=\"Written by\" \/>\n\t<meta name=\"twitter:data1\" content=\"P\u00ebrmbledhja\" \/>\n\t<meta name=\"twitter:label2\" content=\"Est. reading time\" \/>\n\t<meta name=\"twitter:data2\" content=\"1 minut\u00eb\" \/>\n<script type=\"application\/ld+json\" class=\"yoast-schema-graph\">{\"@context\":\"https:\/\/schema.org\",\"@graph\":[{\"@type\":\"Article\",\"@id\":\"https:\/\/permbledhja.com\/nje-shofer-shkel-kembesorin-ne-veri-pamjet-i-nxjerr-kandidati-serb-per-kryetar-video\/#article\",\"isPartOf\":{\"@id\":\"https:\/\/permbledhja.com\/nje-shofer-shkel-kembesorin-ne-veri-pamjet-i-nxjerr-kandidati-serb-per-kryetar-video\/\"},\"author\":{\"name\":\"P\u00ebrmbledhja\",\"@id\":\"https:\/\/permbledhja.com\/#\/schema\/person\/0d064377258d3221e50693947b9eb4fe\"},\"headline\":\"Nj\u00eb shofer shkel k\u00ebmb\u00ebsorin n\u00eb veri, pamjet i nxjerr kandidati serb p\u00ebr kryetar (Video)\",\"datePublished\":\"2022-11-29T11:36:50+00:00\",\"dateModified\":\"2022-11-29T11:36:50+00:00\",\"mainEntityOfPage\":{\"@id\":\"https:\/\/permbledhja.com\/nje-shofer-shkel-kembesorin-ne-veri-pamjet-i-nxjerr-kandidati-serb-per-kryetar-video\/\"},\"wordCount\":132,\"publisher\":{\"@id\":\"https:\/\/permbledhja.com\/#organization\"},\"keywords\":[\"Serbi\",\"Veri\"],\"articleSection\":[\"Kryesoret\"],\"inLanguage\":\"sq\"},{\"@type\":\"WebPage\",\"@id\":\"https:\/\/permbledhja.com\/nje-shofer-shkel-kembesorin-ne-veri-pamjet-i-nxjerr-kandidati-serb-per-kryetar-video\/\",\"url\":\"https:\/\/permbledhja.com\/nje-shofer-shkel-kembesorin-ne-veri-pamjet-i-nxjerr-kandidati-serb-per-kryetar-video\/\",\"name\":\"Nj\u00eb shofer shkel k\u00ebmb\u00ebsorin n\u00eb veri, pamjet i nxjerr kandidati serb p\u00ebr kryetar (Video)\",\"isPartOf\":{\"@id\":\"https:\/\/permbledhja.com\/#website\"},\"datePublished\":\"2022-11-29T11:36:50+00:00\",\"dateModified\":\"2022-11-29T11:36:50+00:00\",\"breadcrumb\":{\"@id\":\"https:\/\/permbledhja.com\/nje-shofer-shkel-kembesorin-ne-veri-pamjet-i-nxjerr-kandidati-serb-per-kryetar-video\/#breadcrumb\"},\"inLanguage\":\"sq\",\"potentialAction\":[{\"@type\":\"ReadAction\",\"target\":[\"https:\/\/permbledhja.com\/nje-shofer-shkel-kembesorin-ne-veri-pamjet-i-nxjerr-kandidati-serb-per-kryetar-video\/\"]}]},{\"@type\":\"BreadcrumbList\",\"@id\":\"https:\/\/permbledhja.com\/nje-shofer-shkel-kembesorin-ne-veri-pamjet-i-nxjerr-kandidati-serb-per-kryetar-video\/#breadcrumb\",\"itemListElement\":[{\"@type\":\"ListItem\",\"position\":1,\"name\":\"Ballina\",\"item\":\"https:\/\/permbledhja.com\/sq\/\"},{\"@type\":\"ListItem\",\"position\":2,\"name\":\"Nj\u00eb shofer shkel k\u00ebmb\u00ebsorin n\u00eb veri, pamjet i nxjerr kandidati serb p\u00ebr kryetar (Video)\"}]},{\"@type\":\"WebSite\",\"@id\":\"https:\/\/permbledhja.com\/#website\",\"url\":\"https:\/\/permbledhja.com\/\",\"name\":\"Ve\u00e7 artikuj p\u00ebrmbledh\u00ebs\",\"description\":\"\",\"publisher\":{\"@id\":\"https:\/\/permbledhja.com\/#organization\"},\"potentialAction\":[{\"@type\":\"SearchAction\",\"target\":{\"@type\":\"EntryPoint\",\"urlTemplate\":\"https:\/\/permbledhja.com\/?s={search_term_string}\"},\"query-input\":\"required name=search_term_string\"}],\"inLanguage\":\"sq\"},{\"@type\":\"Organization\",\"@id\":\"https:\/\/permbledhja.com\/#organization\",\"name\":\"MK Media & Pr\",\"url\":\"https:\/\/permbledhja.com\/\",\"logo\":{\"@type\":\"ImageObject\",\"inLanguage\":\"sq\",\"@id\":\"https:\/\/permbledhja.com\/#\/schema\/logo\/image\/\",\"url\":\"https:\/\/permbledhja.com\/wp-content\/uploads\/2021\/12\/07-Press-Logo.jpg\",\"contentUrl\":\"https:\/\/permbledhja.com\/wp-content\/uploads\/2021\/12\/07-Press-Logo.jpg\",\"width\":512,\"height\":512,\"caption\":\"MK Media & Pr\"},\"image\":{\"@id\":\"https:\/\/permbledhja.com\/#\/schema\/logo\/image\/\"},\"sameAs\":[\"https:\/\/www.facebook.com\/press07\/\"]},{\"@type\":\"Person\",\"@id\":\"https:\/\/permbledhja.com\/#\/schema\/person\/0d064377258d3221e50693947b9eb4fe\",\"name\":\"P\u00ebrmbledhja\",\"image\":{\"@type\":\"ImageObject\",\"inLanguage\":\"sq\",\"@id\":\"https:\/\/permbledhja.com\/#\/schema\/person\/image\/\",\"url\":\"https:\/\/permbledhja.com\/wp-content\/uploads\/2026\/01\/452004717_1040944174702970_8932037511805513407_n-96x96.jpg\",\"contentUrl\":\"https:\/\/permbledhja.com\/wp-content\/uploads\/2026\/01\/452004717_1040944174702970_8932037511805513407_n-96x96.jpg\",\"caption\":\"P\u00ebrmbledhja\"},\"sameAs\":[\"https:\/\/www.facebook.com\/kafexhiu.muharrem\/\",\"https:\/\/www.instagram.com\/muharrem_kafexhiu\/\"],\"url\":\"https:\/\/permbledhja.com\/sq\/author\/admin\/\"}]}<\/script>\n<!-- \/ Yoast SEO plugin. -->","yoast_head_json":{"title":"Nj\u00eb shofer shkel k\u00ebmb\u00ebsorin n\u00eb veri, pamjet i nxjerr kandidati serb p\u00ebr kryetar (Video)","robots":{"index":"index","follow":"follow","max-snippet":"max-snippet:-1","max-image-preview":"max-image-preview:large","max-video-preview":"max-video-preview:-1"},"canonical":"https:\/\/permbledhja.com\/sq\/nje-shofer-shkel-kembesorin-ne-veri-pamjet-i-nxjerr-kandidati-serb-per-kryetar-video\/","og_locale":"sq_AL","og_type":"article","og_title":"Nj\u00eb shofer shkel k\u00ebmb\u00ebsorin n\u00eb veri, pamjet i nxjerr kandidati serb p\u00ebr kryetar (Video)","og_description":"Aleksandar Arsenijoviq kandidati p\u00ebr kryetar t\u00eb Mitrovic\u00ebs Veriore, ka publikuar nj\u00eb video shokuese n\u00eb rrjetin social Facebook nga Leposaviqi. N\u00eb videon q\u00eb ka publikuar Arsenijoviq, shihet momenti kur nj\u00eb qytetar goditet nga nj\u00eb vetur\u00eb q\u00eb po l\u00ebvizte derisa shoferi madje edhe e incizon veprimin e tij. Sipas tij ky rast ka ndodhur para stacionit t\u00eb [&hellip;]","og_url":"https:\/\/permbledhja.com\/sq\/nje-shofer-shkel-kembesorin-ne-veri-pamjet-i-nxjerr-kandidati-serb-per-kryetar-video\/","og_site_name":"Ve\u00e7 artikuj p\u00ebrmbledh\u00ebs","article_publisher":"https:\/\/www.facebook.com\/press07\/","article_author":"https:\/\/www.facebook.com\/kafexhiu.muharrem\/","article_published_time":"2022-11-29T11:36:50+00:00","og_image":[{"width":560,"height":314,"url":"https:\/\/permbledhja.com\/wp-content\/uploads\/2022\/11\/ghjkl.png","type":"image\/png"}],"author":"P\u00ebrmbledhja","twitter_card":"summary_large_image","twitter_misc":{"Written by":"P\u00ebrmbledhja","Est. reading time":"1 minut\u00eb"},"schema":{"@context":"https:\/\/schema.org","@graph":[{"@type":"Article","@id":"https:\/\/permbledhja.com\/nje-shofer-shkel-kembesorin-ne-veri-pamjet-i-nxjerr-kandidati-serb-per-kryetar-video\/#article","isPartOf":{"@id":"https:\/\/permbledhja.com\/nje-shofer-shkel-kembesorin-ne-veri-pamjet-i-nxjerr-kandidati-serb-per-kryetar-video\/"},"author":{"name":"P\u00ebrmbledhja","@id":"https:\/\/permbledhja.com\/#\/schema\/person\/0d064377258d3221e50693947b9eb4fe"},"headline":"Nj\u00eb shofer shkel k\u00ebmb\u00ebsorin n\u00eb veri, pamjet i nxjerr kandidati serb p\u00ebr kryetar (Video)","datePublished":"2022-11-29T11:36:50+00:00","dateModified":"2022-11-29T11:36:50+00:00","mainEntityOfPage":{"@id":"https:\/\/permbledhja.com\/nje-shofer-shkel-kembesorin-ne-veri-pamjet-i-nxjerr-kandidati-serb-per-kryetar-video\/"},"wordCount":132,"publisher":{"@id":"https:\/\/permbledhja.com\/#organization"},"keywords":["Serbi","Veri"],"articleSection":["Kryesoret"],"inLanguage":"sq"},{"@type":"WebPage","@id":"https:\/\/permbledhja.com\/nje-shofer-shkel-kembesorin-ne-veri-pamjet-i-nxjerr-kandidati-serb-per-kryetar-video\/","url":"https:\/\/permbledhja.com\/nje-shofer-shkel-kembesorin-ne-veri-pamjet-i-nxjerr-kandidati-serb-per-kryetar-video\/","name":"Nj\u00eb shofer shkel k\u00ebmb\u00ebsorin n\u00eb veri, pamjet i nxjerr kandidati serb p\u00ebr kryetar (Video)","isPartOf":{"@id":"https:\/\/permbledhja.com\/#website"},"datePublished":"2022-11-29T11:36:50+00:00","dateModified":"2022-11-29T11:36:50+00:00","breadcrumb":{"@id":"https:\/\/permbledhja.com\/nje-shofer-shkel-kembesorin-ne-veri-pamjet-i-nxjerr-kandidati-serb-per-kryetar-video\/#breadcrumb"},"inLanguage":"sq","potentialAction":[{"@type":"ReadAction","target":["https:\/\/permbledhja.com\/nje-shofer-shkel-kembesorin-ne-veri-pamjet-i-nxjerr-kandidati-serb-per-kryetar-video\/"]}]},{"@type":"BreadcrumbList","@id":"https:\/\/permbledhja.com\/nje-shofer-shkel-kembesorin-ne-veri-pamjet-i-nxjerr-kandidati-serb-per-kryetar-video\/#breadcrumb","itemListElement":[{"@type":"ListItem","position":1,"name":"Ballina","item":"https:\/\/permbledhja.com\/sq\/"},{"@type":"ListItem","position":2,"name":"Nj\u00eb shofer shkel k\u00ebmb\u00ebsorin n\u00eb veri, pamjet i nxjerr kandidati serb p\u00ebr kryetar (Video)"}]},{"@type":"WebSite","@id":"https:\/\/permbledhja.com\/#website","url":"https:\/\/permbledhja.com\/","name":"Ve\u00e7 artikuj p\u00ebrmbledh\u00ebs","description":"","publisher":{"@id":"https:\/\/permbledhja.com\/#organization"},"potentialAction":[{"@type":"SearchAction","target":{"@type":"EntryPoint","urlTemplate":"https:\/\/permbledhja.com\/?s={search_term_string}"},"query-input":"required name=search_term_string"}],"inLanguage":"sq"},{"@type":"Organization","@id":"https:\/\/permbledhja.com\/#organization","name":"MK Media & Pr","url":"https:\/\/permbledhja.com\/","logo":{"@type":"ImageObject","inLanguage":"sq","@id":"https:\/\/permbledhja.com\/#\/schema\/logo\/image\/","url":"https:\/\/permbledhja.com\/wp-content\/uploads\/2021\/12\/07-Press-Logo.jpg","contentUrl":"https:\/\/permbledhja.com\/wp-content\/uploads\/2021\/12\/07-Press-Logo.jpg","width":512,"height":512,"caption":"MK Media & Pr"},"image":{"@id":"https:\/\/permbledhja.com\/#\/schema\/logo\/image\/"},"sameAs":["https:\/\/www.facebook.com\/press07\/"]},{"@type":"Person","@id":"https:\/\/permbledhja.com\/#\/schema\/person\/0d064377258d3221e50693947b9eb4fe","name":"P\u00ebrmbledhja","image":{"@type":"ImageObject","inLanguage":"sq","@id":"https:\/\/permbledhja.com\/#\/schema\/person\/image\/","url":"https:\/\/permbledhja.com\/wp-content\/uploads\/2026\/01\/452004717_1040944174702970_8932037511805513407_n-96x96.jpg","contentUrl":"https:\/\/permbledhja.com\/wp-content\/uploads\/2026\/01\/452004717_1040944174702970_8932037511805513407_n-96x96.jpg","caption":"P\u00ebrmbledhja"},"sameAs":["https:\/\/www.facebook.com\/kafexhiu.muharrem\/","https:\/\/www.instagram.com\/muharrem_kafexhiu\/"],"url":"https:\/\/permbledhja.com\/sq\/author\/admin\/"}]}},"_links":{"self":[{"href":"https:\/\/permbledhja.com\/sq\/wp-json\/wp\/v2\/posts\/10445"}],"collection":[{"href":"https:\/\/permbledhja.com\/sq\/wp-json\/wp\/v2\/posts"}],"about":[{"href":"https:\/\/permbledhja.com\/sq\/wp-json\/wp\/v2\/types\/post"}],"author":[{"embeddable":true,"href":"https:\/\/permbledhja.com\/sq\/wp-json\/wp\/v2\/users\/1"}],"replies":[{"embeddable":true,"href":"https:\/\/permbledhja.com\/sq\/wp-json\/wp\/v2\/comments?post=10445"}],"version-history":[{"count":2,"href":"https:\/\/permbledhja.com\/sq\/wp-json\/wp\/v2\/posts\/10445\/revisions"}],"predecessor-version":[{"id":10448,"href":"https:\/\/permbledhja.com\/sq\/wp-json\/wp\/v2\/posts\/10445\/revisions\/10448"}],"wp:featuredmedia":[{"embeddable":true,"href":"https:\/\/permbledhja.com\/sq\/wp-json\/wp\/v2\/media\/10446"}],"wp:attachment":[{"href":"https:\/\/permbledhja.com\/sq\/wp-json\/wp\/v2\/media?parent=10445"}],"wp:term":[{"taxonomy":"category","embeddable":true,"href":"https:\/\/permbledhja.com\/sq\/wp-json\/wp\/v2\/categories?post=10445"},{"taxonomy":"post_tag","embeddable":true,"href":"https:\/\/permbledhja.com\/sq\/wp-json\/wp\/v2\/tags?post=10445"}],"curies":[{"name":"wp","href":"https:\/\/api.w.org\/{rel}","templated":true}]}}