{"id":10307,"date":"2022-11-21T10:15:35","date_gmt":"2022-11-21T10:15:35","guid":{"rendered":"https:\/\/permbledhja.com\/?p=10307"},"modified":"2022-11-21T10:15:35","modified_gmt":"2022-11-21T10:15:35","slug":"kurti-i-buzeqeshur-e-vuciqi-tym-ne-takimin-ne-bruksel","status":"publish","type":"post","link":"https:\/\/permbledhja.com\/sq\/kurti-i-buzeqeshur-e-vuciqi-tym-ne-takimin-ne-bruksel\/","title":{"rendered":"Kurti i buz\u00ebqeshur e Vu\u00e7iqi \u201ctym\u201d n\u00eb takimin n\u00eb Bruksel"},"content":{"rendered":"<p>N\u00eb Bruksel jan\u00eb duke u zhvilluar takimet nd\u00ebrmjet kryeministrit t\u00eb Kosov\u00ebs, Albin Kurti dhe presidentit t\u00eb Serbis\u00eb Aleksand\u00ebr Vu\u00e7iq.<\/p>\n<p>Ky takim \u00ebsht\u00eb duke u nd\u00ebrmjet\u00ebsuar nga shefi i politik\u00ebs s\u00eb jashtme t\u00eb BE-s\u00eb Josep Borrell dhe emisari i BE-s\u00eb p\u00ebr Ballkanin Per\u00ebndimor, Miroslav Laj\u00e7ak, njofton Klan Kosova.<\/p>\n<p>N\u00eb nj\u00eb video q\u00eb \u00ebsht\u00eb xhiruar brenda sall\u00ebs s\u00eb takimit, Kurti shihet i buz\u00ebqeshur, nd\u00ebrsa Vu\u00e7iq duket shum\u00eb i ftoht\u00eb.<\/p>\n","protected":false},"excerpt":{"rendered":"<p>N\u00eb Bruksel jan\u00eb duke u zhvilluar takimet nd\u00ebrmjet kryeministrit t\u00eb Kosov\u00ebs, Albin Kurti dhe presidentit t\u00eb Serbis\u00eb Aleksand\u00ebr Vu\u00e7iq. Ky takim \u00ebsht\u00eb duke u nd\u00ebrmjet\u00ebsuar nga shefi i politik\u00ebs s\u00eb jashtme t\u00eb BE-s\u00eb Josep Borrell dhe emisari i BE-s\u00eb p\u00ebr Ballkanin Per\u00ebndimor, Miroslav Laj\u00e7ak, njofton Klan Kosova. N\u00eb nj\u00eb video q\u00eb \u00ebsht\u00eb xhiruar brenda sall\u00ebs [&hellip;]<\/p>\n","protected":false},"author":1,"featured_media":10308,"comment_status":"closed","ping_status":"closed","sticky":false,"template":"","format":"standard","meta":{"_monsterinsights_skip_tracking":false,"_monsterinsights_sitenote_active":false,"_monsterinsights_sitenote_note":"","_monsterinsights_sitenote_category":0,"_uf_show_specific_survey":0,"_uf_disable_surveys":false,"footnotes":""},"categories":[22],"tags":[45,366],"yoast_head":"<!-- This site is optimized with the Yoast SEO plugin v21.5 - https:\/\/yoast.com\/wordpress\/plugins\/seo\/ -->\n<title>Kurti i buz\u00ebqeshur e Vu\u00e7iqi \u201ctym\u201d n\u00eb takimin n\u00eb Bruksel<\/title>\n<meta name=\"robots\" content=\"index, follow, max-snippet:-1, max-image-preview:large, max-video-preview:-1\" \/>\n<link rel=\"canonical\" href=\"https:\/\/permbledhja.com\/sq\/kurti-i-buzeqeshur-e-vuciqi-tym-ne-takimin-ne-bruksel\/\" \/>\n<meta property=\"og:locale\" content=\"sq_AL\" \/>\n<meta property=\"og:type\" content=\"article\" \/>\n<meta property=\"og:title\" content=\"Kurti i buz\u00ebqeshur e Vu\u00e7iqi \u201ctym\u201d n\u00eb takimin n\u00eb Bruksel\" \/>\n<meta property=\"og:description\" content=\"N\u00eb Bruksel jan\u00eb duke u zhvilluar takimet nd\u00ebrmjet kryeministrit t\u00eb Kosov\u00ebs, Albin Kurti dhe presidentit t\u00eb Serbis\u00eb Aleksand\u00ebr Vu\u00e7iq. Ky takim \u00ebsht\u00eb duke u nd\u00ebrmjet\u00ebsuar nga shefi i politik\u00ebs s\u00eb jashtme t\u00eb BE-s\u00eb Josep Borrell dhe emisari i BE-s\u00eb p\u00ebr Ballkanin Per\u00ebndimor, Miroslav Laj\u00e7ak, njofton Klan Kosova. N\u00eb nj\u00eb video q\u00eb \u00ebsht\u00eb xhiruar brenda sall\u00ebs [&hellip;]\" \/>\n<meta property=\"og:url\" content=\"https:\/\/permbledhja.com\/sq\/kurti-i-buzeqeshur-e-vuciqi-tym-ne-takimin-ne-bruksel\/\" \/>\n<meta property=\"og:site_name\" content=\"Ve\u00e7 artikuj p\u00ebrmbledh\u00ebs\" \/>\n<meta property=\"article:publisher\" content=\"https:\/\/www.facebook.com\/press07\/\" \/>\n<meta property=\"article:author\" content=\"https:\/\/www.facebook.com\/kafexhiu.muharrem\/\" \/>\n<meta property=\"article:published_time\" content=\"2022-11-21T10:15:35+00:00\" \/>\n<meta property=\"og:image\" content=\"https:\/\/permbledhja.com\/wp-content\/uploads\/2022\/11\/03FBF937-08F7-49B9-9646-7BE66854C4C6.jpeg\" \/>\n\t<meta property=\"og:image:width\" content=\"1406\" \/>\n\t<meta property=\"og:image:height\" content=\"739\" \/>\n\t<meta property=\"og:image:type\" content=\"image\/jpeg\" \/>\n<meta name=\"author\" content=\"P\u00ebrmbledhja\" \/>\n<meta name=\"twitter:card\" content=\"summary_large_image\" \/>\n<meta name=\"twitter:label1\" content=\"Written by\" \/>\n\t<meta name=\"twitter:data1\" content=\"P\u00ebrmbledhja\" \/>\n<script type=\"application\/ld+json\" class=\"yoast-schema-graph\">{\"@context\":\"https:\/\/schema.org\",\"@graph\":[{\"@type\":\"Article\",\"@id\":\"https:\/\/permbledhja.com\/kurti-i-buzeqeshur-e-vuciqi-tym-ne-takimin-ne-bruksel\/#article\",\"isPartOf\":{\"@id\":\"https:\/\/permbledhja.com\/kurti-i-buzeqeshur-e-vuciqi-tym-ne-takimin-ne-bruksel\/\"},\"author\":{\"name\":\"P\u00ebrmbledhja\",\"@id\":\"https:\/\/permbledhja.com\/#\/schema\/person\/0d064377258d3221e50693947b9eb4fe\"},\"headline\":\"Kurti i buz\u00ebqeshur e Vu\u00e7iqi \u201ctym\u201d n\u00eb takimin n\u00eb Bruksel\",\"datePublished\":\"2022-11-21T10:15:35+00:00\",\"dateModified\":\"2022-11-21T10:15:35+00:00\",\"mainEntityOfPage\":{\"@id\":\"https:\/\/permbledhja.com\/kurti-i-buzeqeshur-e-vuciqi-tym-ne-takimin-ne-bruksel\/\"},\"wordCount\":93,\"publisher\":{\"@id\":\"https:\/\/permbledhja.com\/#organization\"},\"keywords\":[\"Kurti\",\"Vu\u00e7iq\"],\"articleSection\":[\"Ballina\"],\"inLanguage\":\"sq\"},{\"@type\":\"WebPage\",\"@id\":\"https:\/\/permbledhja.com\/kurti-i-buzeqeshur-e-vuciqi-tym-ne-takimin-ne-bruksel\/\",\"url\":\"https:\/\/permbledhja.com\/kurti-i-buzeqeshur-e-vuciqi-tym-ne-takimin-ne-bruksel\/\",\"name\":\"Kurti i buz\u00ebqeshur e Vu\u00e7iqi \u201ctym\u201d n\u00eb takimin n\u00eb Bruksel\",\"isPartOf\":{\"@id\":\"https:\/\/permbledhja.com\/#website\"},\"datePublished\":\"2022-11-21T10:15:35+00:00\",\"dateModified\":\"2022-11-21T10:15:35+00:00\",\"breadcrumb\":{\"@id\":\"https:\/\/permbledhja.com\/kurti-i-buzeqeshur-e-vuciqi-tym-ne-takimin-ne-bruksel\/#breadcrumb\"},\"inLanguage\":\"sq\",\"potentialAction\":[{\"@type\":\"ReadAction\",\"target\":[\"https:\/\/permbledhja.com\/kurti-i-buzeqeshur-e-vuciqi-tym-ne-takimin-ne-bruksel\/\"]}]},{\"@type\":\"BreadcrumbList\",\"@id\":\"https:\/\/permbledhja.com\/kurti-i-buzeqeshur-e-vuciqi-tym-ne-takimin-ne-bruksel\/#breadcrumb\",\"itemListElement\":[{\"@type\":\"ListItem\",\"position\":1,\"name\":\"Ballina\",\"item\":\"https:\/\/permbledhja.com\/sq\/\"},{\"@type\":\"ListItem\",\"position\":2,\"name\":\"Kurti i buz\u00ebqeshur e Vu\u00e7iqi \u201ctym\u201d n\u00eb takimin n\u00eb Bruksel\"}]},{\"@type\":\"WebSite\",\"@id\":\"https:\/\/permbledhja.com\/#website\",\"url\":\"https:\/\/permbledhja.com\/\",\"name\":\"Ve\u00e7 artikuj p\u00ebrmbledh\u00ebs\",\"description\":\"\",\"publisher\":{\"@id\":\"https:\/\/permbledhja.com\/#organization\"},\"potentialAction\":[{\"@type\":\"SearchAction\",\"target\":{\"@type\":\"EntryPoint\",\"urlTemplate\":\"https:\/\/permbledhja.com\/?s={search_term_string}\"},\"query-input\":\"required name=search_term_string\"}],\"inLanguage\":\"sq\"},{\"@type\":\"Organization\",\"@id\":\"https:\/\/permbledhja.com\/#organization\",\"name\":\"MK Media & Pr\",\"url\":\"https:\/\/permbledhja.com\/\",\"logo\":{\"@type\":\"ImageObject\",\"inLanguage\":\"sq\",\"@id\":\"https:\/\/permbledhja.com\/#\/schema\/logo\/image\/\",\"url\":\"https:\/\/permbledhja.com\/wp-content\/uploads\/2021\/12\/07-Press-Logo.jpg\",\"contentUrl\":\"https:\/\/permbledhja.com\/wp-content\/uploads\/2021\/12\/07-Press-Logo.jpg\",\"width\":512,\"height\":512,\"caption\":\"MK Media & Pr\"},\"image\":{\"@id\":\"https:\/\/permbledhja.com\/#\/schema\/logo\/image\/\"},\"sameAs\":[\"https:\/\/www.facebook.com\/press07\/\"]},{\"@type\":\"Person\",\"@id\":\"https:\/\/permbledhja.com\/#\/schema\/person\/0d064377258d3221e50693947b9eb4fe\",\"name\":\"P\u00ebrmbledhja\",\"image\":{\"@type\":\"ImageObject\",\"inLanguage\":\"sq\",\"@id\":\"https:\/\/permbledhja.com\/#\/schema\/person\/image\/\",\"url\":\"https:\/\/permbledhja.com\/wp-content\/uploads\/2026\/01\/452004717_1040944174702970_8932037511805513407_n-96x96.jpg\",\"contentUrl\":\"https:\/\/permbledhja.com\/wp-content\/uploads\/2026\/01\/452004717_1040944174702970_8932037511805513407_n-96x96.jpg\",\"caption\":\"P\u00ebrmbledhja\"},\"sameAs\":[\"https:\/\/www.facebook.com\/kafexhiu.muharrem\/\",\"https:\/\/www.instagram.com\/muharrem_kafexhiu\/\"],\"url\":\"https:\/\/permbledhja.com\/sq\/author\/admin\/\"}]}<\/script>\n<!-- \/ Yoast SEO plugin. -->","yoast_head_json":{"title":"Kurti i buz\u00ebqeshur e Vu\u00e7iqi \u201ctym\u201d n\u00eb takimin n\u00eb Bruksel","robots":{"index":"index","follow":"follow","max-snippet":"max-snippet:-1","max-image-preview":"max-image-preview:large","max-video-preview":"max-video-preview:-1"},"canonical":"https:\/\/permbledhja.com\/sq\/kurti-i-buzeqeshur-e-vuciqi-tym-ne-takimin-ne-bruksel\/","og_locale":"sq_AL","og_type":"article","og_title":"Kurti i buz\u00ebqeshur e Vu\u00e7iqi \u201ctym\u201d n\u00eb takimin n\u00eb Bruksel","og_description":"N\u00eb Bruksel jan\u00eb duke u zhvilluar takimet nd\u00ebrmjet kryeministrit t\u00eb Kosov\u00ebs, Albin Kurti dhe presidentit t\u00eb Serbis\u00eb Aleksand\u00ebr Vu\u00e7iq. Ky takim \u00ebsht\u00eb duke u nd\u00ebrmjet\u00ebsuar nga shefi i politik\u00ebs s\u00eb jashtme t\u00eb BE-s\u00eb Josep Borrell dhe emisari i BE-s\u00eb p\u00ebr Ballkanin Per\u00ebndimor, Miroslav Laj\u00e7ak, njofton Klan Kosova. N\u00eb nj\u00eb video q\u00eb \u00ebsht\u00eb xhiruar brenda sall\u00ebs [&hellip;]","og_url":"https:\/\/permbledhja.com\/sq\/kurti-i-buzeqeshur-e-vuciqi-tym-ne-takimin-ne-bruksel\/","og_site_name":"Ve\u00e7 artikuj p\u00ebrmbledh\u00ebs","article_publisher":"https:\/\/www.facebook.com\/press07\/","article_author":"https:\/\/www.facebook.com\/kafexhiu.muharrem\/","article_published_time":"2022-11-21T10:15:35+00:00","og_image":[{"width":1406,"height":739,"url":"https:\/\/permbledhja.com\/wp-content\/uploads\/2022\/11\/03FBF937-08F7-49B9-9646-7BE66854C4C6.jpeg","type":"image\/jpeg"}],"author":"P\u00ebrmbledhja","twitter_card":"summary_large_image","twitter_misc":{"Written by":"P\u00ebrmbledhja"},"schema":{"@context":"https:\/\/schema.org","@graph":[{"@type":"Article","@id":"https:\/\/permbledhja.com\/kurti-i-buzeqeshur-e-vuciqi-tym-ne-takimin-ne-bruksel\/#article","isPartOf":{"@id":"https:\/\/permbledhja.com\/kurti-i-buzeqeshur-e-vuciqi-tym-ne-takimin-ne-bruksel\/"},"author":{"name":"P\u00ebrmbledhja","@id":"https:\/\/permbledhja.com\/#\/schema\/person\/0d064377258d3221e50693947b9eb4fe"},"headline":"Kurti i buz\u00ebqeshur e Vu\u00e7iqi \u201ctym\u201d n\u00eb takimin n\u00eb Bruksel","datePublished":"2022-11-21T10:15:35+00:00","dateModified":"2022-11-21T10:15:35+00:00","mainEntityOfPage":{"@id":"https:\/\/permbledhja.com\/kurti-i-buzeqeshur-e-vuciqi-tym-ne-takimin-ne-bruksel\/"},"wordCount":93,"publisher":{"@id":"https:\/\/permbledhja.com\/#organization"},"keywords":["Kurti","Vu\u00e7iq"],"articleSection":["Ballina"],"inLanguage":"sq"},{"@type":"WebPage","@id":"https:\/\/permbledhja.com\/kurti-i-buzeqeshur-e-vuciqi-tym-ne-takimin-ne-bruksel\/","url":"https:\/\/permbledhja.com\/kurti-i-buzeqeshur-e-vuciqi-tym-ne-takimin-ne-bruksel\/","name":"Kurti i buz\u00ebqeshur e Vu\u00e7iqi \u201ctym\u201d n\u00eb takimin n\u00eb Bruksel","isPartOf":{"@id":"https:\/\/permbledhja.com\/#website"},"datePublished":"2022-11-21T10:15:35+00:00","dateModified":"2022-11-21T10:15:35+00:00","breadcrumb":{"@id":"https:\/\/permbledhja.com\/kurti-i-buzeqeshur-e-vuciqi-tym-ne-takimin-ne-bruksel\/#breadcrumb"},"inLanguage":"sq","potentialAction":[{"@type":"ReadAction","target":["https:\/\/permbledhja.com\/kurti-i-buzeqeshur-e-vuciqi-tym-ne-takimin-ne-bruksel\/"]}]},{"@type":"BreadcrumbList","@id":"https:\/\/permbledhja.com\/kurti-i-buzeqeshur-e-vuciqi-tym-ne-takimin-ne-bruksel\/#breadcrumb","itemListElement":[{"@type":"ListItem","position":1,"name":"Ballina","item":"https:\/\/permbledhja.com\/sq\/"},{"@type":"ListItem","position":2,"name":"Kurti i buz\u00ebqeshur e Vu\u00e7iqi \u201ctym\u201d n\u00eb takimin n\u00eb Bruksel"}]},{"@type":"WebSite","@id":"https:\/\/permbledhja.com\/#website","url":"https:\/\/permbledhja.com\/","name":"Ve\u00e7 artikuj p\u00ebrmbledh\u00ebs","description":"","publisher":{"@id":"https:\/\/permbledhja.com\/#organization"},"potentialAction":[{"@type":"SearchAction","target":{"@type":"EntryPoint","urlTemplate":"https:\/\/permbledhja.com\/?s={search_term_string}"},"query-input":"required name=search_term_string"}],"inLanguage":"sq"},{"@type":"Organization","@id":"https:\/\/permbledhja.com\/#organization","name":"MK Media & Pr","url":"https:\/\/permbledhja.com\/","logo":{"@type":"ImageObject","inLanguage":"sq","@id":"https:\/\/permbledhja.com\/#\/schema\/logo\/image\/","url":"https:\/\/permbledhja.com\/wp-content\/uploads\/2021\/12\/07-Press-Logo.jpg","contentUrl":"https:\/\/permbledhja.com\/wp-content\/uploads\/2021\/12\/07-Press-Logo.jpg","width":512,"height":512,"caption":"MK Media & Pr"},"image":{"@id":"https:\/\/permbledhja.com\/#\/schema\/logo\/image\/"},"sameAs":["https:\/\/www.facebook.com\/press07\/"]},{"@type":"Person","@id":"https:\/\/permbledhja.com\/#\/schema\/person\/0d064377258d3221e50693947b9eb4fe","name":"P\u00ebrmbledhja","image":{"@type":"ImageObject","inLanguage":"sq","@id":"https:\/\/permbledhja.com\/#\/schema\/person\/image\/","url":"https:\/\/permbledhja.com\/wp-content\/uploads\/2026\/01\/452004717_1040944174702970_8932037511805513407_n-96x96.jpg","contentUrl":"https:\/\/permbledhja.com\/wp-content\/uploads\/2026\/01\/452004717_1040944174702970_8932037511805513407_n-96x96.jpg","caption":"P\u00ebrmbledhja"},"sameAs":["https:\/\/www.facebook.com\/kafexhiu.muharrem\/","https:\/\/www.instagram.com\/muharrem_kafexhiu\/"],"url":"https:\/\/permbledhja.com\/sq\/author\/admin\/"}]}},"_links":{"self":[{"href":"https:\/\/permbledhja.com\/sq\/wp-json\/wp\/v2\/posts\/10307"}],"collection":[{"href":"https:\/\/permbledhja.com\/sq\/wp-json\/wp\/v2\/posts"}],"about":[{"href":"https:\/\/permbledhja.com\/sq\/wp-json\/wp\/v2\/types\/post"}],"author":[{"embeddable":true,"href":"https:\/\/permbledhja.com\/sq\/wp-json\/wp\/v2\/users\/1"}],"replies":[{"embeddable":true,"href":"https:\/\/permbledhja.com\/sq\/wp-json\/wp\/v2\/comments?post=10307"}],"version-history":[{"count":1,"href":"https:\/\/permbledhja.com\/sq\/wp-json\/wp\/v2\/posts\/10307\/revisions"}],"predecessor-version":[{"id":10309,"href":"https:\/\/permbledhja.com\/sq\/wp-json\/wp\/v2\/posts\/10307\/revisions\/10309"}],"wp:featuredmedia":[{"embeddable":true,"href":"https:\/\/permbledhja.com\/sq\/wp-json\/wp\/v2\/media\/10308"}],"wp:attachment":[{"href":"https:\/\/permbledhja.com\/sq\/wp-json\/wp\/v2\/media?parent=10307"}],"wp:term":[{"taxonomy":"category","embeddable":true,"href":"https:\/\/permbledhja.com\/sq\/wp-json\/wp\/v2\/categories?post=10307"},{"taxonomy":"post_tag","embeddable":true,"href":"https:\/\/permbledhja.com\/sq\/wp-json\/wp\/v2\/tags?post=10307"}],"curies":[{"name":"wp","href":"https:\/\/api.w.org\/{rel}","templated":true}]}}