{"id":10247,"date":"2022-11-16T13:04:57","date_gmt":"2022-11-16T13:04:57","guid":{"rendered":"https:\/\/permbledhja.com\/?p=10247"},"modified":"2022-11-20T13:42:06","modified_gmt":"2022-11-20T13:42:06","slug":"te-qortuar-nga-kosova-te-kercenuar-nga-serbia-a-jane-ne-zor-serbet-e-rendomte-te-kosoves-ne-veri","status":"publish","type":"post","link":"https:\/\/permbledhja.com\/sq\/te-qortuar-nga-kosova-te-kercenuar-nga-serbia-a-jane-ne-zor-serbet-e-rendomte-te-kosoves-ne-veri\/","title":{"rendered":"&#8216;T\u00eb qortuar&#8217; nga Kosova, &#8216;t\u00eb k\u00ebrc\u00ebnuar&#8217; nga Serbia: A jan\u00eb n\u00eb zor serb\u00ebt e r\u00ebndomt\u00eb t\u00eb Kosov\u00ebs n\u00eb veri?"},"content":{"rendered":"<p>\u00cbsht\u00eb e mundshme q\u00eb tensionet n\u00eb veri t\u00eb ken\u00eb prekur m\u00eb drejtp\u00ebrdrejtsh\u00ebm vet\u00eb qytetar\u00ebt serb\u00eb t\u00eb Kosov\u00ebs se sa analist\u00ebt shqiptar\u00eb t\u00eb studiove televizive q\u00eb flasin vazhdimisht dhe shpesh pakujdessh\u00ebm p\u00ebr k\u00ebt\u00eb tem\u00eb. Madje edhe serb\u00ebt lojal\u00eb ndaj shtetit t\u00eb Kosov\u00ebs duken aktualisht t\u00eb harruar n\u00eb diskursin politik shqiptar. Por, kjo harres\u00eb mund t&#8217;i kushtoj\u00eb shtetit m\u00eb t\u00eb ri n\u00eb Evrop\u00eb.<\/p>\n<p>Qytetar\u00ebt serb\u00eb t\u00eb cil\u00ebt kan\u00eb targa ilegale vazhdojn\u00eb t\u00eb qortohen nga ana e zyrtar\u00ebve policor\u00eb t\u00eb Kosov\u00ebs. N\u00eb tjetr\u00ebn an\u00eb, disa prej atyre q\u00eb i hoq\u00ebn targat ilegale e p\u00ebsuan me djegie t\u00eb veturave nga persona t\u00eb paidentifikuar.<\/p>\n<p>Rreth 20 qytetar\u00eb i nd\u00ebrruan targat. Dhe t\u00eb pakt\u00ebn gjasht\u00eb prej tyre e p\u00ebsuan me djegie t\u00eb veturave. Probabiliteti q\u00eb n\u00ebse nd\u00ebrron targat ilegale t\u00eb t\u00eb digjet vetura \u00ebsht\u00eb shum\u00eb shum\u00eb i lart\u00eb.<\/p>\n<p>N\u00eb an\u00ebn tjet\u00ebr, deri tash asnj\u00eb zjarrv\u00ebn\u00ebs nuk \u00ebsht\u00eb z\u00ebn\u00eb nga autoritetet tona, gj\u00eb q\u00eb pashmangsh\u00ebm rrit pasigurin\u00eb mes tyre. Por, edhe t\u00eb tjera gj\u00ebra kan\u00eb ndodhur.<\/p>\n<p>Miodragu<br \/>\nM\u00eb 14 n\u00ebntor, rreth or\u00ebs 09:30 t\u00eb m\u00ebngjesit, aktivisti i shoq\u00ebris\u00eb civile Miodrag Milliqeviq u ndalua nga pjes\u00ebtar\u00eb t\u00eb Nj\u00ebsis\u00eb Speciale t\u00eb Kosov\u00ebs sipas organizat\u00ebs q\u00eb drejton \u201cAktiv\u201d.<\/p>\n<p>Ata pretendojn\u00eb se Milliqeviq \u00ebsht\u00eb ndar\u00eb nga kolona dhe gjat\u00eb marrjes n\u00eb pyetje \u201cnga nj\u00eb pjes\u00ebtar i nj\u00ebsis\u00eb n\u00eb fjal\u00eb \u00ebsht\u00eb goditur n\u00eb bark\u201d. Organizata shton se ai i \u00ebsht\u00eb n\u00ebnshtruar edhe abuzimeve verbale.<\/p>\n<p>Miodrag Milliqeviq si aktivist i shoq\u00ebris\u00eb civile ka qen\u00eb mjaft kritik ndaj List\u00ebs Serbe. Nd\u00ebrkoh\u00eb, deri tash Policia e ka mohuar se nj\u00eb gj\u00eb e till\u00eb ka ndodhur.<\/p>\n<p>Xhelali<br \/>\nMinistri i Pun\u00ebve t\u00eb Brendshme, Xhelal Sve\u00e7la, ka th\u00ebn\u00eb n\u00eb nj\u00eb adresim n\u00eb Facebook p\u00ebr k\u00ebt\u00eb rast se ka k\u00ebrkuar \u201craport nga zyrtar\u00ebt policor\u00eb t\u00eb kufirit dhe hetim t\u00eb k\u00ebtyre pretendimeve nga Inspektorati Policor i Kosov\u00ebs\u201d.<\/p>\n<p>Inspektorati i konfirmoi gazet\u00ebs Nacionale se kishte nisur \u201chetimet preliminare\u201d me k\u00ebrkes\u00eb t\u00eb Ministris\u00eb s\u00eb drejtuar nga z. Sve\u00e7la.<\/p>\n<p>\u201cMund t\u00eb ju konfirmojm\u00eb se Inspektorati Policor i Kosov\u00ebs sipas detyr\u00ebs zyrtare dhe k\u00ebrkes\u00ebs nga Ministria e Pun\u00ebve t\u00eb Brendshme ka filluar nj\u00eb hetim preliminar p\u00ebr t\u00eb verifikuar pretendimet e ankuesit.\u201d<\/p>\n<p>Ministri Sve\u00e7la n\u00eb po t\u00eb nj\u00ebjtin reagim megjithat\u00eb ka th\u00ebn\u00eb se pas vizitave t\u00eb shpeshta n\u00eb veri \u201cishte bindur me sjelljen shembullore t\u00eb zyrtar\u00ebve policor\u00eb\u201d.<\/p>\n<p>N\u00eb nj\u00eb adresim ku tregonte se 578 zyrtar\u00eb policor\u00eb kishin dh\u00ebn\u00eb dor\u00ebheqje, Sve\u00e7la e kishte pranuar se kjo kishte ardhur pas&#8221;k\u00ebrc\u00ebnimeve dhe shantazheve&#8221; q\u00eb rrezikonin vet\u00eb jet\u00ebn e tyre. Ai p\u00ebrmendi mes tyre kishte pasur shum\u00eb zyrtar\u00eb policor\u00eb serb\u00eb t\u00eb sinqert\u00eb e q\u00eb ishin lojal\u00eb p\u00ebr shtetin e Kosov\u00ebs.<\/p>\n<p>Aleksandri<br \/>\nPretendimet e aktivistit Milliqeviq i ka mbrojtur edhe nj\u00eb politikan i ri kund\u00ebrshtar i List\u00ebs Serbe, Aleksand\u00ebr Arsenijeviq.<\/p>\n<p>Ai i tha Nacionales se Miodragu \u00ebsht\u00eb \u201cnjeri serioz me integritet q\u00eb nuk g\u00ebnjen p\u00ebr k\u00ebto gj\u00ebra.\u201d<\/p>\n<p>\u201cAi \u00ebsht\u00eb nj\u00eb njeri serioz me integritet, ai nuk do t\u00eb g\u00ebnjej\u00eb kur b\u00ebhet fjal\u00eb p\u00ebr k\u00ebt\u00eb. Ai m\u00eb tha se u larguar me l\u00ebndime t\u00eb lehta dhe se gjith\u00e7ka ishte e tmerrshme dhe mund t\u00eb ishte m\u00eb keq\u201d \u2013 na tha z. Arsenijeviq.<\/p>\n<p>Pas largimit t\u00eb zyrtar\u00ebve nga institucionet, Arsenijeviq ka shprehur kritika edhe n\u00eb lidhje me nj\u00eb situat\u00eb t\u00eb mundshme n\u00eb t\u00eb cil\u00ebn shum\u00eb familje do t\u00eb mbesnin pa asnj\u00eb rrog\u00eb derisa t\u00eb tjer\u00eb (kryesisht politikan\u00eb t\u00eb List\u00ebs Serbe) do t\u00eb merrnin rroga t\u00eb mira edhe nga Beogradi.<\/p>\n<p>Stefani<br \/>\nNj\u00eb tjet\u00ebr kritik i List\u00ebs Serbe, Stefan Veljkoviq, po ashtu ka mbrojtur z. Milliqeviq n\u00eb pretendimet e tij derisa ka th\u00ebn\u00eb q\u00eb \u201cnj\u00eb tjet\u00ebr vozit\u00ebsi i ishte hequr kryqi nga pasqyra e xhamit t\u00eb p\u00ebrparm\u00eb.\u201d<\/p>\n<p>Ai ka pretenduar se zyrtar\u00ebt policor\u00eb t\u00eb Kosov\u00ebs \u201cngacmojn\u00eb qytetar\u00ebt \u00e7do dit\u00eb dhe e b\u00ebjn\u00eb jet\u00ebn ton\u00eb t\u00eb padurueshme\u201d.<\/p>\n<p>Ai akuzoi List\u00ebn Serbe se nuk kishte plan se si t\u00eb dilte nga situata pas largimit masiv t\u00eb qytetar\u00ebve nga institucionet e Kosov\u00ebs.<\/p>\n<p>Nacionale nuk ka mundur t\u00eb verifikoj\u00eb deri n\u00eb k\u00ebt\u00eb moment incidentin e p\u00ebrmendur nga z. Veljkoviq.<\/p>\n<p>Gorani<br \/>\nGrupet kriminale n\u00eb veri mund t\u00eb ken\u00eb forcuar pushtetin e tyre n\u00eb veri t\u00eb Kosov\u00ebs pas daljes masive t\u00eb zyrtar\u00ebve serb\u00eb nga institucionet tona.<\/p>\n<p>Ky veprim u pa gjithandej si i dirigjuar nga Beogradi zyrtar, megjith\u00ebse ishte lajm\u00ebruar nga Lista Serbe dhe kryetari i saj Goran Rakiq.<\/p>\n<p>Lista Serbe ka njoftuar se nuk do t\u00eb marr\u00eb pjes\u00eb n\u00eb zgjedhjet e caktuara m\u00eb 18 dhjetor p\u00ebr kat\u00ebr komunat me shumic\u00eb serbe n\u00eb veri t\u00eb Kosov\u00ebs, nd\u00ebrkoh\u00eb q\u00eb situata me targat dhe tensionet mund t\u00eb p\u00ebrkeq\u00ebsohen pas dat\u00ebs 21 n\u00ebntor me nisjen e faz\u00ebs s\u00eb gjobave.<\/p>\n<p>Politikan\u00ebt e List\u00ebs Serbe jan\u00eb treguar t\u00eb pap\u00ebrgjegjsh\u00ebm n\u00eb deklarimet e tyre publike por edhe n\u00eb veprimet q\u00eb kan\u00eb b\u00ebr\u00eb s\u00eb fundi. Megjithat\u00eb, e gjith\u00eb kjo situat\u00eb n\u00eb veri duket se ka p\u00ebrforcuar pushtetin e tyre politik q\u00eb dukej n\u00eb r\u00ebnie e sip\u00ebr.<\/p>\n<p>Albini<br \/>\nKryeministri Albin Kurti p\u00ebr tensionet n\u00eb veri t\u00eb vendit ka akuzuar Serbin\u00eb, duke th\u00ebn\u00eb se kishte p\u00ebr motiv \u201cmaskimin e refuzimit t\u00eb planit franko-gjerman\u201d. Por, jo t\u00eb gjith\u00eb jan\u00eb t\u00eb bindur n\u00eb fjal\u00ebt e tij. ShBA dhe BE vazhdojn\u00eb t\u00eb ngulmojn\u00eb n\u00eb shtyrjen e afatit p\u00ebr targat, me trysnin\u00eb q\u00eb duket se \u00ebsht\u00eb n\u00eb rritje.<\/p>\n<p>Kurti ka l\u00ebn\u00eb p\u00ebrshtypje t\u00eb mir\u00eb me an\u00eb t\u00eb disa adresimeve q\u00eb iu ka b\u00ebr\u00eb serb\u00ebve t\u00eb vendit n\u00eb gjuh\u00ebn serbe. Ai kishte premtuar madje edhe dialog t\u00eb brendsh\u00ebm me serb\u00ebt e Kosov\u00ebs, para se t\u00eb nisej p\u00ebr n\u00eb Bruksel p\u00ebr t\u00eb negociuar me Serbin\u00eb. Fatkeq\u00ebsisht, kjo e fundit nuk kishte ndodhur.<\/p>\n<p>Kryeministri ka shprehur vazhdimisht bindjen se mposhtja e bandave kriminale n\u00eb veri do t\u00eb ofronte sigurin\u00eb e munguar p\u00ebr serb\u00ebt n\u00eb veri t\u00eb vendit. Por, ai nuk ka adresuar munges\u00ebn e nd\u00ebshkimeve p\u00ebr personat q\u00eb kan\u00eb k\u00ebrc\u00ebnuar e terrorizuar serb\u00ebt q\u00eb konsiderohen si lojal\u00eb ndaj Kosov\u00ebs.<\/p>\n<p>N\u00eb an\u00ebn tjet\u00ebr, analisti Shk\u00eblzen Maliqi ka pasur edhe t\u00eb tjera fjal\u00eb p\u00ebr gjith\u00eb at\u00eb q\u00eb po ndodh. Ai ka pretenduar se ka z\u00ebra q\u00eb thon\u00eb se Vu\u00e7iq dhe Kurti kan\u00eb b\u00ebr\u00eb \u201cmarr\u00ebveshje t\u00eb heshtur\u201d dhe se e gjith\u00eb \u00e7\u00ebshtja e targave mund t\u00eb jet\u00eb \u201cdram\u00eb artificiale\u201d.<\/p>\n<p>Por, sado artificiale q\u00eb t\u00eb jet\u00eb, \u2018drama\u2019 ka ndikur n\u00eb jet\u00ebt e p\u00ebrditshme t\u00eb qytetar\u00ebve t\u00eb Republik\u00ebs s\u00eb Kosov\u00ebs.<\/p>\n<p>Duhet p\u00ebrmendur se mes n\u00ebnshkruesve t\u00eb nj\u00eb sh\u00ebnimi proteste me rastin e pretenduar t\u00eb rrahjes s\u00eb z. Milliqeviq ka pasur edhe aktivist\u00eb shqiptar\u00eb, si\u00e7 ishte profesoresha Vjollca Krasniqi e aktivisti Valon Arifi.\/<a href=\"https:\/\/nacionale.com\/politike\/te-qortuar-nga-kosova-te-kercenuar-nga-serbia-a-jane-ne-zor-serbet-e-rendomte-te-kosoves-ne-veri\">Nacionale.com<\/a><\/p>\n","protected":false},"excerpt":{"rendered":"<p>\u00cbsht\u00eb e mundshme q\u00eb tensionet n\u00eb veri t\u00eb ken\u00eb prekur m\u00eb drejtp\u00ebrdrejtsh\u00ebm vet\u00eb qytetar\u00ebt serb\u00eb t\u00eb Kosov\u00ebs se sa analist\u00ebt shqiptar\u00eb t\u00eb studiove televizive q\u00eb flasin vazhdimisht dhe shpesh pakujdessh\u00ebm p\u00ebr k\u00ebt\u00eb tem\u00eb. Madje edhe serb\u00ebt lojal\u00eb ndaj shtetit t\u00eb Kosov\u00ebs duken aktualisht t\u00eb harruar n\u00eb diskursin politik shqiptar. Por, kjo harres\u00eb mund t&#8217;i kushtoj\u00eb [&hellip;]<\/p>\n","protected":false},"author":1,"featured_media":9981,"comment_status":"closed","ping_status":"closed","sticky":false,"template":"","format":"standard","meta":{"_monsterinsights_skip_tracking":false,"_monsterinsights_sitenote_active":false,"_monsterinsights_sitenote_note":"","_monsterinsights_sitenote_category":0,"_uf_show_specific_survey":0,"_uf_disable_surveys":false,"footnotes":""},"categories":[22,1146],"tags":[116,1144],"yoast_head":"<!-- This site is optimized with the Yoast SEO plugin v21.5 - https:\/\/yoast.com\/wordpress\/plugins\/seo\/ -->\n<title>&#039;T\u00eb qortuar&#039; nga Kosova, &#039;t\u00eb k\u00ebrc\u00ebnuar&#039; nga Serbia: A jan\u00eb n\u00eb zor serb\u00ebt e r\u00ebndomt\u00eb t\u00eb Kosov\u00ebs n\u00eb veri?<\/title>\n<meta name=\"robots\" content=\"index, follow, max-snippet:-1, max-image-preview:large, max-video-preview:-1\" \/>\n<link rel=\"canonical\" href=\"https:\/\/permbledhja.com\/sq\/te-qortuar-nga-kosova-te-kercenuar-nga-serbia-a-jane-ne-zor-serbet-e-rendomte-te-kosoves-ne-veri\/\" \/>\n<meta property=\"og:locale\" content=\"sq_AL\" \/>\n<meta property=\"og:type\" content=\"article\" \/>\n<meta property=\"og:title\" content=\"&#039;T\u00eb qortuar&#039; nga Kosova, &#039;t\u00eb k\u00ebrc\u00ebnuar&#039; nga Serbia: A jan\u00eb n\u00eb zor serb\u00ebt e r\u00ebndomt\u00eb t\u00eb Kosov\u00ebs n\u00eb veri?\" \/>\n<meta property=\"og:description\" content=\"\u00cbsht\u00eb e mundshme q\u00eb tensionet n\u00eb veri t\u00eb ken\u00eb prekur m\u00eb drejtp\u00ebrdrejtsh\u00ebm vet\u00eb qytetar\u00ebt serb\u00eb t\u00eb Kosov\u00ebs se sa analist\u00ebt shqiptar\u00eb t\u00eb studiove televizive q\u00eb flasin vazhdimisht dhe shpesh pakujdessh\u00ebm p\u00ebr k\u00ebt\u00eb tem\u00eb. Madje edhe serb\u00ebt lojal\u00eb ndaj shtetit t\u00eb Kosov\u00ebs duken aktualisht t\u00eb harruar n\u00eb diskursin politik shqiptar. Por, kjo harres\u00eb mund t&#8217;i kushtoj\u00eb [&hellip;]\" \/>\n<meta property=\"og:url\" content=\"https:\/\/permbledhja.com\/sq\/te-qortuar-nga-kosova-te-kercenuar-nga-serbia-a-jane-ne-zor-serbet-e-rendomte-te-kosoves-ne-veri\/\" \/>\n<meta property=\"og:site_name\" content=\"Ve\u00e7 artikuj p\u00ebrmbledh\u00ebs\" \/>\n<meta property=\"article:publisher\" content=\"https:\/\/www.facebook.com\/press07\/\" \/>\n<meta property=\"article:author\" content=\"https:\/\/www.facebook.com\/kafexhiu.muharrem\/\" \/>\n<meta property=\"article:published_time\" content=\"2022-11-16T13:04:57+00:00\" \/>\n<meta property=\"article:modified_time\" content=\"2022-11-20T13:42:06+00:00\" \/>\n<meta property=\"og:image\" content=\"https:\/\/permbledhja.com\/wp-content\/uploads\/2022\/11\/veriu-600x360-2.png\" \/>\n\t<meta property=\"og:image:width\" content=\"600\" \/>\n\t<meta property=\"og:image:height\" content=\"360\" \/>\n\t<meta property=\"og:image:type\" content=\"image\/png\" \/>\n<meta name=\"author\" content=\"P\u00ebrmbledhja\" \/>\n<meta name=\"twitter:card\" content=\"summary_large_image\" \/>\n<meta name=\"twitter:label1\" content=\"Written by\" \/>\n\t<meta name=\"twitter:data1\" content=\"P\u00ebrmbledhja\" \/>\n\t<meta name=\"twitter:label2\" content=\"Est. reading time\" \/>\n\t<meta name=\"twitter:data2\" content=\"6 minuta\" \/>\n<script type=\"application\/ld+json\" class=\"yoast-schema-graph\">{\"@context\":\"https:\/\/schema.org\",\"@graph\":[{\"@type\":\"Article\",\"@id\":\"https:\/\/permbledhja.com\/te-qortuar-nga-kosova-te-kercenuar-nga-serbia-a-jane-ne-zor-serbet-e-rendomte-te-kosoves-ne-veri\/#article\",\"isPartOf\":{\"@id\":\"https:\/\/permbledhja.com\/te-qortuar-nga-kosova-te-kercenuar-nga-serbia-a-jane-ne-zor-serbet-e-rendomte-te-kosoves-ne-veri\/\"},\"author\":{\"name\":\"P\u00ebrmbledhja\",\"@id\":\"https:\/\/permbledhja.com\/#\/schema\/person\/0d064377258d3221e50693947b9eb4fe\"},\"headline\":\"&#8216;T\u00eb qortuar&#8217; nga Kosova, &#8216;t\u00eb k\u00ebrc\u00ebnuar&#8217; nga Serbia: A jan\u00eb n\u00eb zor serb\u00ebt e r\u00ebndomt\u00eb t\u00eb Kosov\u00ebs n\u00eb veri?\",\"datePublished\":\"2022-11-16T13:04:57+00:00\",\"dateModified\":\"2022-11-20T13:42:06+00:00\",\"mainEntityOfPage\":{\"@id\":\"https:\/\/permbledhja.com\/te-qortuar-nga-kosova-te-kercenuar-nga-serbia-a-jane-ne-zor-serbet-e-rendomte-te-kosoves-ne-veri\/\"},\"wordCount\":1209,\"publisher\":{\"@id\":\"https:\/\/permbledhja.com\/#organization\"},\"keywords\":[\"Kosova\",\"Serb\u00ebt\"],\"articleSection\":[\"Ballina\",\"Kryesoret\"],\"inLanguage\":\"sq\"},{\"@type\":\"WebPage\",\"@id\":\"https:\/\/permbledhja.com\/te-qortuar-nga-kosova-te-kercenuar-nga-serbia-a-jane-ne-zor-serbet-e-rendomte-te-kosoves-ne-veri\/\",\"url\":\"https:\/\/permbledhja.com\/te-qortuar-nga-kosova-te-kercenuar-nga-serbia-a-jane-ne-zor-serbet-e-rendomte-te-kosoves-ne-veri\/\",\"name\":\"'T\u00eb qortuar' nga Kosova, 't\u00eb k\u00ebrc\u00ebnuar' nga Serbia: A jan\u00eb n\u00eb zor serb\u00ebt e r\u00ebndomt\u00eb t\u00eb Kosov\u00ebs n\u00eb veri?\",\"isPartOf\":{\"@id\":\"https:\/\/permbledhja.com\/#website\"},\"datePublished\":\"2022-11-16T13:04:57+00:00\",\"dateModified\":\"2022-11-20T13:42:06+00:00\",\"breadcrumb\":{\"@id\":\"https:\/\/permbledhja.com\/te-qortuar-nga-kosova-te-kercenuar-nga-serbia-a-jane-ne-zor-serbet-e-rendomte-te-kosoves-ne-veri\/#breadcrumb\"},\"inLanguage\":\"sq\",\"potentialAction\":[{\"@type\":\"ReadAction\",\"target\":[\"https:\/\/permbledhja.com\/te-qortuar-nga-kosova-te-kercenuar-nga-serbia-a-jane-ne-zor-serbet-e-rendomte-te-kosoves-ne-veri\/\"]}]},{\"@type\":\"BreadcrumbList\",\"@id\":\"https:\/\/permbledhja.com\/te-qortuar-nga-kosova-te-kercenuar-nga-serbia-a-jane-ne-zor-serbet-e-rendomte-te-kosoves-ne-veri\/#breadcrumb\",\"itemListElement\":[{\"@type\":\"ListItem\",\"position\":1,\"name\":\"Ballina\",\"item\":\"https:\/\/permbledhja.com\/sq\/\"},{\"@type\":\"ListItem\",\"position\":2,\"name\":\"&#8216;T\u00eb qortuar&#8217; nga Kosova, &#8216;t\u00eb k\u00ebrc\u00ebnuar&#8217; nga Serbia: A jan\u00eb n\u00eb zor serb\u00ebt e r\u00ebndomt\u00eb t\u00eb Kosov\u00ebs n\u00eb veri?\"}]},{\"@type\":\"WebSite\",\"@id\":\"https:\/\/permbledhja.com\/#website\",\"url\":\"https:\/\/permbledhja.com\/\",\"name\":\"Ve\u00e7 artikuj p\u00ebrmbledh\u00ebs\",\"description\":\"\",\"publisher\":{\"@id\":\"https:\/\/permbledhja.com\/#organization\"},\"potentialAction\":[{\"@type\":\"SearchAction\",\"target\":{\"@type\":\"EntryPoint\",\"urlTemplate\":\"https:\/\/permbledhja.com\/?s={search_term_string}\"},\"query-input\":\"required name=search_term_string\"}],\"inLanguage\":\"sq\"},{\"@type\":\"Organization\",\"@id\":\"https:\/\/permbledhja.com\/#organization\",\"name\":\"MK Media & Pr\",\"url\":\"https:\/\/permbledhja.com\/\",\"logo\":{\"@type\":\"ImageObject\",\"inLanguage\":\"sq\",\"@id\":\"https:\/\/permbledhja.com\/#\/schema\/logo\/image\/\",\"url\":\"https:\/\/permbledhja.com\/wp-content\/uploads\/2021\/12\/07-Press-Logo.jpg\",\"contentUrl\":\"https:\/\/permbledhja.com\/wp-content\/uploads\/2021\/12\/07-Press-Logo.jpg\",\"width\":512,\"height\":512,\"caption\":\"MK Media & Pr\"},\"image\":{\"@id\":\"https:\/\/permbledhja.com\/#\/schema\/logo\/image\/\"},\"sameAs\":[\"https:\/\/www.facebook.com\/press07\/\"]},{\"@type\":\"Person\",\"@id\":\"https:\/\/permbledhja.com\/#\/schema\/person\/0d064377258d3221e50693947b9eb4fe\",\"name\":\"P\u00ebrmbledhja\",\"image\":{\"@type\":\"ImageObject\",\"inLanguage\":\"sq\",\"@id\":\"https:\/\/permbledhja.com\/#\/schema\/person\/image\/\",\"url\":\"https:\/\/permbledhja.com\/wp-content\/uploads\/2026\/01\/452004717_1040944174702970_8932037511805513407_n-96x96.jpg\",\"contentUrl\":\"https:\/\/permbledhja.com\/wp-content\/uploads\/2026\/01\/452004717_1040944174702970_8932037511805513407_n-96x96.jpg\",\"caption\":\"P\u00ebrmbledhja\"},\"sameAs\":[\"https:\/\/www.facebook.com\/kafexhiu.muharrem\/\",\"https:\/\/www.instagram.com\/muharrem_kafexhiu\/\"],\"url\":\"https:\/\/permbledhja.com\/sq\/author\/admin\/\"}]}<\/script>\n<!-- \/ Yoast SEO plugin. -->","yoast_head_json":{"title":"'T\u00eb qortuar' nga Kosova, 't\u00eb k\u00ebrc\u00ebnuar' nga Serbia: A jan\u00eb n\u00eb zor serb\u00ebt e r\u00ebndomt\u00eb t\u00eb Kosov\u00ebs n\u00eb veri?","robots":{"index":"index","follow":"follow","max-snippet":"max-snippet:-1","max-image-preview":"max-image-preview:large","max-video-preview":"max-video-preview:-1"},"canonical":"https:\/\/permbledhja.com\/sq\/te-qortuar-nga-kosova-te-kercenuar-nga-serbia-a-jane-ne-zor-serbet-e-rendomte-te-kosoves-ne-veri\/","og_locale":"sq_AL","og_type":"article","og_title":"'T\u00eb qortuar' nga Kosova, 't\u00eb k\u00ebrc\u00ebnuar' nga Serbia: A jan\u00eb n\u00eb zor serb\u00ebt e r\u00ebndomt\u00eb t\u00eb Kosov\u00ebs n\u00eb veri?","og_description":"\u00cbsht\u00eb e mundshme q\u00eb tensionet n\u00eb veri t\u00eb ken\u00eb prekur m\u00eb drejtp\u00ebrdrejtsh\u00ebm vet\u00eb qytetar\u00ebt serb\u00eb t\u00eb Kosov\u00ebs se sa analist\u00ebt shqiptar\u00eb t\u00eb studiove televizive q\u00eb flasin vazhdimisht dhe shpesh pakujdessh\u00ebm p\u00ebr k\u00ebt\u00eb tem\u00eb. Madje edhe serb\u00ebt lojal\u00eb ndaj shtetit t\u00eb Kosov\u00ebs duken aktualisht t\u00eb harruar n\u00eb diskursin politik shqiptar. Por, kjo harres\u00eb mund t&#8217;i kushtoj\u00eb [&hellip;]","og_url":"https:\/\/permbledhja.com\/sq\/te-qortuar-nga-kosova-te-kercenuar-nga-serbia-a-jane-ne-zor-serbet-e-rendomte-te-kosoves-ne-veri\/","og_site_name":"Ve\u00e7 artikuj p\u00ebrmbledh\u00ebs","article_publisher":"https:\/\/www.facebook.com\/press07\/","article_author":"https:\/\/www.facebook.com\/kafexhiu.muharrem\/","article_published_time":"2022-11-16T13:04:57+00:00","article_modified_time":"2022-11-20T13:42:06+00:00","og_image":[{"width":600,"height":360,"url":"https:\/\/permbledhja.com\/wp-content\/uploads\/2022\/11\/veriu-600x360-2.png","type":"image\/png"}],"author":"P\u00ebrmbledhja","twitter_card":"summary_large_image","twitter_misc":{"Written by":"P\u00ebrmbledhja","Est. reading time":"6 minuta"},"schema":{"@context":"https:\/\/schema.org","@graph":[{"@type":"Article","@id":"https:\/\/permbledhja.com\/te-qortuar-nga-kosova-te-kercenuar-nga-serbia-a-jane-ne-zor-serbet-e-rendomte-te-kosoves-ne-veri\/#article","isPartOf":{"@id":"https:\/\/permbledhja.com\/te-qortuar-nga-kosova-te-kercenuar-nga-serbia-a-jane-ne-zor-serbet-e-rendomte-te-kosoves-ne-veri\/"},"author":{"name":"P\u00ebrmbledhja","@id":"https:\/\/permbledhja.com\/#\/schema\/person\/0d064377258d3221e50693947b9eb4fe"},"headline":"&#8216;T\u00eb qortuar&#8217; nga Kosova, &#8216;t\u00eb k\u00ebrc\u00ebnuar&#8217; nga Serbia: A jan\u00eb n\u00eb zor serb\u00ebt e r\u00ebndomt\u00eb t\u00eb Kosov\u00ebs n\u00eb veri?","datePublished":"2022-11-16T13:04:57+00:00","dateModified":"2022-11-20T13:42:06+00:00","mainEntityOfPage":{"@id":"https:\/\/permbledhja.com\/te-qortuar-nga-kosova-te-kercenuar-nga-serbia-a-jane-ne-zor-serbet-e-rendomte-te-kosoves-ne-veri\/"},"wordCount":1209,"publisher":{"@id":"https:\/\/permbledhja.com\/#organization"},"keywords":["Kosova","Serb\u00ebt"],"articleSection":["Ballina","Kryesoret"],"inLanguage":"sq"},{"@type":"WebPage","@id":"https:\/\/permbledhja.com\/te-qortuar-nga-kosova-te-kercenuar-nga-serbia-a-jane-ne-zor-serbet-e-rendomte-te-kosoves-ne-veri\/","url":"https:\/\/permbledhja.com\/te-qortuar-nga-kosova-te-kercenuar-nga-serbia-a-jane-ne-zor-serbet-e-rendomte-te-kosoves-ne-veri\/","name":"'T\u00eb qortuar' nga Kosova, 't\u00eb k\u00ebrc\u00ebnuar' nga Serbia: A jan\u00eb n\u00eb zor serb\u00ebt e r\u00ebndomt\u00eb t\u00eb Kosov\u00ebs n\u00eb veri?","isPartOf":{"@id":"https:\/\/permbledhja.com\/#website"},"datePublished":"2022-11-16T13:04:57+00:00","dateModified":"2022-11-20T13:42:06+00:00","breadcrumb":{"@id":"https:\/\/permbledhja.com\/te-qortuar-nga-kosova-te-kercenuar-nga-serbia-a-jane-ne-zor-serbet-e-rendomte-te-kosoves-ne-veri\/#breadcrumb"},"inLanguage":"sq","potentialAction":[{"@type":"ReadAction","target":["https:\/\/permbledhja.com\/te-qortuar-nga-kosova-te-kercenuar-nga-serbia-a-jane-ne-zor-serbet-e-rendomte-te-kosoves-ne-veri\/"]}]},{"@type":"BreadcrumbList","@id":"https:\/\/permbledhja.com\/te-qortuar-nga-kosova-te-kercenuar-nga-serbia-a-jane-ne-zor-serbet-e-rendomte-te-kosoves-ne-veri\/#breadcrumb","itemListElement":[{"@type":"ListItem","position":1,"name":"Ballina","item":"https:\/\/permbledhja.com\/sq\/"},{"@type":"ListItem","position":2,"name":"&#8216;T\u00eb qortuar&#8217; nga Kosova, &#8216;t\u00eb k\u00ebrc\u00ebnuar&#8217; nga Serbia: A jan\u00eb n\u00eb zor serb\u00ebt e r\u00ebndomt\u00eb t\u00eb Kosov\u00ebs n\u00eb veri?"}]},{"@type":"WebSite","@id":"https:\/\/permbledhja.com\/#website","url":"https:\/\/permbledhja.com\/","name":"Ve\u00e7 artikuj p\u00ebrmbledh\u00ebs","description":"","publisher":{"@id":"https:\/\/permbledhja.com\/#organization"},"potentialAction":[{"@type":"SearchAction","target":{"@type":"EntryPoint","urlTemplate":"https:\/\/permbledhja.com\/?s={search_term_string}"},"query-input":"required name=search_term_string"}],"inLanguage":"sq"},{"@type":"Organization","@id":"https:\/\/permbledhja.com\/#organization","name":"MK Media & Pr","url":"https:\/\/permbledhja.com\/","logo":{"@type":"ImageObject","inLanguage":"sq","@id":"https:\/\/permbledhja.com\/#\/schema\/logo\/image\/","url":"https:\/\/permbledhja.com\/wp-content\/uploads\/2021\/12\/07-Press-Logo.jpg","contentUrl":"https:\/\/permbledhja.com\/wp-content\/uploads\/2021\/12\/07-Press-Logo.jpg","width":512,"height":512,"caption":"MK Media & Pr"},"image":{"@id":"https:\/\/permbledhja.com\/#\/schema\/logo\/image\/"},"sameAs":["https:\/\/www.facebook.com\/press07\/"]},{"@type":"Person","@id":"https:\/\/permbledhja.com\/#\/schema\/person\/0d064377258d3221e50693947b9eb4fe","name":"P\u00ebrmbledhja","image":{"@type":"ImageObject","inLanguage":"sq","@id":"https:\/\/permbledhja.com\/#\/schema\/person\/image\/","url":"https:\/\/permbledhja.com\/wp-content\/uploads\/2026\/01\/452004717_1040944174702970_8932037511805513407_n-96x96.jpg","contentUrl":"https:\/\/permbledhja.com\/wp-content\/uploads\/2026\/01\/452004717_1040944174702970_8932037511805513407_n-96x96.jpg","caption":"P\u00ebrmbledhja"},"sameAs":["https:\/\/www.facebook.com\/kafexhiu.muharrem\/","https:\/\/www.instagram.com\/muharrem_kafexhiu\/"],"url":"https:\/\/permbledhja.com\/sq\/author\/admin\/"}]}},"_links":{"self":[{"href":"https:\/\/permbledhja.com\/sq\/wp-json\/wp\/v2\/posts\/10247"}],"collection":[{"href":"https:\/\/permbledhja.com\/sq\/wp-json\/wp\/v2\/posts"}],"about":[{"href":"https:\/\/permbledhja.com\/sq\/wp-json\/wp\/v2\/types\/post"}],"author":[{"embeddable":true,"href":"https:\/\/permbledhja.com\/sq\/wp-json\/wp\/v2\/users\/1"}],"replies":[{"embeddable":true,"href":"https:\/\/permbledhja.com\/sq\/wp-json\/wp\/v2\/comments?post=10247"}],"version-history":[{"count":1,"href":"https:\/\/permbledhja.com\/sq\/wp-json\/wp\/v2\/posts\/10247\/revisions"}],"predecessor-version":[{"id":10248,"href":"https:\/\/permbledhja.com\/sq\/wp-json\/wp\/v2\/posts\/10247\/revisions\/10248"}],"wp:featuredmedia":[{"embeddable":true,"href":"https:\/\/permbledhja.com\/sq\/wp-json\/wp\/v2\/media\/9981"}],"wp:attachment":[{"href":"https:\/\/permbledhja.com\/sq\/wp-json\/wp\/v2\/media?parent=10247"}],"wp:term":[{"taxonomy":"category","embeddable":true,"href":"https:\/\/permbledhja.com\/sq\/wp-json\/wp\/v2\/categories?post=10247"},{"taxonomy":"post_tag","embeddable":true,"href":"https:\/\/permbledhja.com\/sq\/wp-json\/wp\/v2\/tags?post=10247"}],"curies":[{"name":"wp","href":"https:\/\/api.w.org\/{rel}","templated":true}]}}