{"id":10238,"date":"2022-11-16T12:54:11","date_gmt":"2022-11-16T12:54:11","guid":{"rendered":"https:\/\/permbledhja.com\/?p=10238"},"modified":"2022-11-16T12:54:11","modified_gmt":"2022-11-16T12:54:11","slug":"tjeter-propozim-per-targat-be-thote-se-eshte-ne-pritje-te-pergjigjes-nga-prishtina","status":"publish","type":"post","link":"https:\/\/permbledhja.com\/sq\/tjeter-propozim-per-targat-be-thote-se-eshte-ne-pritje-te-pergjigjes-nga-prishtina\/","title":{"rendered":"Tjet\u00ebr propozim p\u00ebr targat, BE thot\u00eb se \u00ebsht\u00eb n\u00eb pritje t\u00eb p\u00ebrgjigjes nga Prishtina"},"content":{"rendered":"<p>Bashkimi Evropian \u00ebsht\u00eb n\u00eb pritje t\u00eb p\u00ebrgjigjes s\u00eb Kosov\u00ebs p\u00ebr nj\u00eb propozim lidhur me \u00e7\u00ebshtjen e targave serbe, q\u00eb gjat\u00eb dit\u00ebs s\u00eb mart\u00eb i d\u00ebrguari i Posa\u00e7\u00ebm p\u00ebr dialogun, Miroslav Laj\u00e7ak, ia ka prezantuar kryenegociatorit t\u00eb Kosov\u00ebs p\u00ebr dialog, Besnik Bislimi, gjat\u00eb takimit t\u00eb tyre n\u00eb Bruksel.<\/p>\n<p>K\u00ebshtu kan\u00eb th\u00ebn\u00eb p\u00ebr Radion Evropa e Lir\u00eb burimet diplomatike n\u00eb BE, por pa dh\u00ebn\u00eb detaje p\u00ebr propozimin n\u00eb fjal\u00eb.<\/p>\n<p>Burimet kan\u00eb konfirmuar se fjala \u00ebsht\u00eb p\u00ebr propozimin p\u00ebr t\u00eb zgjidhur urgjentisht \u00e7\u00ebshtjen e zbatimit t\u00eb vendimit p\u00ebr nd\u00ebrrimin e targave ilegale t\u00eb Serbis\u00eb, n\u00eb m\u00ebnyr\u00eb q\u00eb t\u00eb shmangen tensionet n\u00eb veri t\u00eb Kosov\u00ebs.<\/p>\n<p>Kryenegociatori i Kosov\u00ebs n\u00eb dialogun me Serbin\u00eb, Besnik Bislimi, tha m\u00eb 16 n\u00ebntor n\u00eb Prishtin\u00eb se \u201cka elemente q\u00eb i kemi diskutuar p\u00ebr mund\u00ebsin\u00eb p\u00ebr dalje nga kriza, por nuk ka dakordim\u201d.<\/p>\n<p>Ai theksoi se nuk e di se \u00e7ka do t\u00eb ndodh\u00eb m\u00eb 21 n\u00ebntor, sepse \u201cjemi n\u00eb bisedime\u201d.<\/p>\n<p>Qeveria e Kosov\u00ebs nga 1 n\u00ebntori ka nisur zbatimin e planit t\u00eb saj p\u00ebr riregjistrimin e makinave me targa ilegale serbe, n\u00eb targa RKS, Republika e Kosov\u00ebs.<br \/>\nFaza e dyt\u00eb do t\u00eb zbatohet nga 21 n\u00ebntori dhe parasheh gjoba deri n\u00eb 150 euro p\u00ebr t\u00eb gjith\u00eb shofer\u00ebt e automjeteve me targa ilegale serbe.<\/p>\n<p>Qeveria e Kosov\u00ebs do q\u00eb k\u00ebto automjete t\u00eb riregjistrohen me targa t\u00eb Republik\u00ebs s\u00eb Kosov\u00ebs, RKS, por Serbia kund\u00ebrshton, duke k\u00ebmb\u00ebngur n\u00eb targa neutrale ndaj statusit t\u00eb Kosov\u00ebs.<\/p>\n<p>N\u00eb rast se pala kosovare jep p\u00ebrgjigje gjat\u00eb dit\u00ebs p\u00ebr k\u00ebt\u00eb propozim, dhe var\u00ebsisht nga ajo p\u00ebrgjigje, i d\u00ebrguari i BE-s\u00eb p\u00ebr dialogun, Laj\u00e7ak, mund t\u00eb vizitoj\u00eb Beogradin p\u00ebr t\u00eb biseduar edhe me pal\u00ebn nga Serbia.<\/p>\n<p>Burimet e BE-s\u00eb kan\u00eb p\u00ebrs\u00ebritur at\u00eb q\u00eb m\u00eb her\u00ebt e kishte th\u00ebn\u00eb edhe p\u00ebrfaq\u00ebsuesi i Lart\u00eb p\u00ebr Politik\u00eb t\u00eb Jashtme dhe Siguri, Josep Borrell, se duhet gjithsesi t\u00eb arrihet nj\u00eb zgjidhje para dat\u00ebs 21 n\u00ebntor.<br \/>\nNj\u00eb prej mund\u00ebsive q\u00eb p\u00ebrmenden nga burimet diplomatike \u00ebsht\u00eb q\u00eb t\u00eb zgjatet afati kohor p\u00ebr nd\u00ebrrimin e targave, edhe p\u00ebr dhjet\u00eb muaj, por pala kosovare, sipas t\u00eb nj\u00ebjtave burime, ka k\u00ebrkuar nga BE-ja edhe sqarime se si do t\u00eb jet\u00eb q\u00ebndrimi i saj pasi t\u00eb skadonte nj\u00eb afat i till\u00eb.<\/p>\n<p>BE-ja nuk e v\u00ebn\u00eb n\u00eb dyshim t\u00eb drejt\u00ebn e Kosov\u00ebs p\u00ebr t\u2019i z\u00ebvend\u00ebsuar targat e veturave, por deri m\u00eb tash ka k\u00ebrkuar q\u00eb kjo t\u00eb b\u00ebhet duke respektuar afatet kohore p\u00ebr t\u00eb cilat BE-ja mendon se kan\u00eb afat edhe dhjet\u00eb muaj.<\/p>\n<p>Gjat\u00eb nj\u00eb diskutimi me tem\u00ebn \u201cRaporti i Zgjerimit: \u00c7far\u00eb ka n\u00eb t\u00eb p\u00ebr Kosov\u00ebn?\u201d, t\u00eb organizuar nga Zyra e Bashkimit Evropian n\u00eb Kosov\u00eb, n\u00eb Prishtin\u00eb, Besnik Bislimi tha se t\u00eb gjith\u00eb hapat q\u00eb jan\u00eb duke u nd\u00ebrmarr\u00eb n\u00eb raport me situat\u00ebn e krijuar n\u00eb komunat veriore, jan\u00eb p\u00ebr t\u00eb vendosur ligjin, por mund\u00ebsisht pa krijuar tensione.<\/p>\n<p>Ndryshe, plani i Qeveris\u00eb parasheh q\u00eb t\u00eb gjitha makinat me targa serbe t\u00eb konvertohen n\u00eb targa t\u00eb Kosov\u00ebs, deri m\u00eb 21 prill t\u00eb vitit 2023.<\/p>\n<p>Jan\u00eb rreth 9.000 makina me targa t\u00eb tilla q\u00eb qarkullojn\u00eb n\u00eb veriun e Kosov\u00ebs \u2013 t\u00eb banuar me shumic\u00eb serbe \u2013 q\u00eb nga paslufta, m\u00eb 1999.<\/p>\n<p>N\u00eb shenj\u00eb kund\u00ebrshtimi lidhur me vendimin e Qeveris\u00eb s\u00eb Kosov\u00ebs, nga 5 n\u00ebntor serb\u00ebt jan\u00eb larguar nga institucionet e Kosov\u00ebs n\u00eb kat\u00ebr komunat n\u00eb veri: Mitrovic\u00eb e Veriut, Leposaviq, Zubin Potok dhe Zve\u00e7an.<\/p>\n<p>N\u00eb pjes\u00ebn veriore t\u00eb ur\u00ebs mbi Lumin Ib\u00ebr q\u00eb ndan Mitrovic\u00ebn, shihen flamujt e Serbis\u00eb.<\/p>\n<p>Presidentja e Kosov\u00ebs, Vjosa Osmani, ka shpall 18 dhjetorin dat\u00eb t\u00eb mbajtjes s\u00eb zgjedhjeve n\u00eb k\u00ebto komuna t\u00eb banuara me shumic\u00eb serbe.<\/p>\n<p>Por, derisa Komisioni Qendror i Zgjedhjeve n\u00eb Kosov\u00eb ka nisur p\u00ebrgatitjet p\u00ebr organizimin e zgjedhjeve t\u00eb parakohshme lokale n\u00eb komunat n\u00eb veri t\u00eb Kosov\u00ebs,Lista Serbe ka th\u00ebn\u00eb se kjo parti dhe qytetar\u00ebt q\u00eb e mb\u00ebshtesin at\u00eb, nuk do t\u00eb jen\u00eb pjes\u00eb e k\u00ebtij procesi zgjedhor.<\/p>\n<p>Shtetet e Bashkuara dhe Bashkimi Evropian i kan\u00eb b\u00ebr\u00eb thirrje Qeveris\u00eb s\u00eb Kosov\u00ebs q\u00eb t\u00eb mos nis zbatimi i faz\u00ebs s\u00eb dyt\u00eb p\u00ebr targa q\u00eb parasheh gjoba deri n\u00eb 150 euro.<\/p>\n","protected":false},"excerpt":{"rendered":"<p>Bashkimi Evropian \u00ebsht\u00eb n\u00eb pritje t\u00eb p\u00ebrgjigjes s\u00eb Kosov\u00ebs p\u00ebr nj\u00eb propozim lidhur me \u00e7\u00ebshtjen e targave serbe, q\u00eb gjat\u00eb dit\u00ebs s\u00eb mart\u00eb i d\u00ebrguari i Posa\u00e7\u00ebm p\u00ebr dialogun, Miroslav Laj\u00e7ak, ia ka prezantuar kryenegociatorit t\u00eb Kosov\u00ebs p\u00ebr dialog, Besnik Bislimi, gjat\u00eb takimit t\u00eb tyre n\u00eb Bruksel. K\u00ebshtu kan\u00eb th\u00ebn\u00eb p\u00ebr Radion Evropa e Lir\u00eb [&hellip;]<\/p>\n","protected":false},"author":1,"featured_media":10239,"comment_status":"closed","ping_status":"closed","sticky":false,"template":"","format":"standard","meta":{"_monsterinsights_skip_tracking":false,"_monsterinsights_sitenote_active":false,"_monsterinsights_sitenote_note":"","_monsterinsights_sitenote_category":0,"_uf_show_specific_survey":0,"_uf_disable_surveys":false,"footnotes":""},"categories":[22],"tags":[487,38],"yoast_head":"<!-- This site is optimized with the Yoast SEO plugin v21.5 - https:\/\/yoast.com\/wordpress\/plugins\/seo\/ -->\n<title>Tjet\u00ebr propozim p\u00ebr targat, BE thot\u00eb se \u00ebsht\u00eb n\u00eb pritje t\u00eb p\u00ebrgjigjes nga Prishtina<\/title>\n<meta name=\"robots\" content=\"index, follow, max-snippet:-1, max-image-preview:large, max-video-preview:-1\" \/>\n<link rel=\"canonical\" href=\"https:\/\/permbledhja.com\/sq\/tjeter-propozim-per-targat-be-thote-se-eshte-ne-pritje-te-pergjigjes-nga-prishtina\/\" \/>\n<meta property=\"og:locale\" content=\"sq_AL\" \/>\n<meta property=\"og:type\" content=\"article\" \/>\n<meta property=\"og:title\" content=\"Tjet\u00ebr propozim p\u00ebr targat, BE thot\u00eb se \u00ebsht\u00eb n\u00eb pritje t\u00eb p\u00ebrgjigjes nga Prishtina\" \/>\n<meta property=\"og:description\" content=\"Bashkimi Evropian \u00ebsht\u00eb n\u00eb pritje t\u00eb p\u00ebrgjigjes s\u00eb Kosov\u00ebs p\u00ebr nj\u00eb propozim lidhur me \u00e7\u00ebshtjen e targave serbe, q\u00eb gjat\u00eb dit\u00ebs s\u00eb mart\u00eb i d\u00ebrguari i Posa\u00e7\u00ebm p\u00ebr dialogun, Miroslav Laj\u00e7ak, ia ka prezantuar kryenegociatorit t\u00eb Kosov\u00ebs p\u00ebr dialog, Besnik Bislimi, gjat\u00eb takimit t\u00eb tyre n\u00eb Bruksel. K\u00ebshtu kan\u00eb th\u00ebn\u00eb p\u00ebr Radion Evropa e Lir\u00eb [&hellip;]\" \/>\n<meta property=\"og:url\" content=\"https:\/\/permbledhja.com\/sq\/tjeter-propozim-per-targat-be-thote-se-eshte-ne-pritje-te-pergjigjes-nga-prishtina\/\" \/>\n<meta property=\"og:site_name\" content=\"Ve\u00e7 artikuj p\u00ebrmbledh\u00ebs\" \/>\n<meta property=\"article:publisher\" content=\"https:\/\/www.facebook.com\/press07\/\" \/>\n<meta property=\"article:author\" content=\"https:\/\/www.facebook.com\/kafexhiu.muharrem\/\" \/>\n<meta property=\"article:published_time\" content=\"2022-11-16T12:54:11+00:00\" \/>\n<meta property=\"og:image\" content=\"https:\/\/permbledhja.com\/wp-content\/uploads\/2022\/11\/96121645609707.png\" \/>\n\t<meta property=\"og:image:width\" content=\"900\" \/>\n\t<meta property=\"og:image:height\" content=\"601\" \/>\n\t<meta property=\"og:image:type\" content=\"image\/png\" \/>\n<meta name=\"author\" content=\"P\u00ebrmbledhja\" \/>\n<meta name=\"twitter:card\" content=\"summary_large_image\" \/>\n<meta name=\"twitter:label1\" content=\"Written by\" \/>\n\t<meta name=\"twitter:data1\" content=\"P\u00ebrmbledhja\" \/>\n\t<meta name=\"twitter:label2\" content=\"Est. reading time\" \/>\n\t<meta name=\"twitter:data2\" content=\"4 minuta\" \/>\n<script type=\"application\/ld+json\" class=\"yoast-schema-graph\">{\"@context\":\"https:\/\/schema.org\",\"@graph\":[{\"@type\":\"Article\",\"@id\":\"https:\/\/permbledhja.com\/tjeter-propozim-per-targat-be-thote-se-eshte-ne-pritje-te-pergjigjes-nga-prishtina\/#article\",\"isPartOf\":{\"@id\":\"https:\/\/permbledhja.com\/tjeter-propozim-per-targat-be-thote-se-eshte-ne-pritje-te-pergjigjes-nga-prishtina\/\"},\"author\":{\"name\":\"P\u00ebrmbledhja\",\"@id\":\"https:\/\/permbledhja.com\/#\/schema\/person\/0d064377258d3221e50693947b9eb4fe\"},\"headline\":\"Tjet\u00ebr propozim p\u00ebr targat, BE thot\u00eb se \u00ebsht\u00eb n\u00eb pritje t\u00eb p\u00ebrgjigjes nga Prishtina\",\"datePublished\":\"2022-11-16T12:54:11+00:00\",\"dateModified\":\"2022-11-16T12:54:11+00:00\",\"mainEntityOfPage\":{\"@id\":\"https:\/\/permbledhja.com\/tjeter-propozim-per-targat-be-thote-se-eshte-ne-pritje-te-pergjigjes-nga-prishtina\/\"},\"wordCount\":763,\"publisher\":{\"@id\":\"https:\/\/permbledhja.com\/#organization\"},\"keywords\":[\"BE\",\"Prishtina\"],\"articleSection\":[\"Ballina\"],\"inLanguage\":\"sq\"},{\"@type\":\"WebPage\",\"@id\":\"https:\/\/permbledhja.com\/tjeter-propozim-per-targat-be-thote-se-eshte-ne-pritje-te-pergjigjes-nga-prishtina\/\",\"url\":\"https:\/\/permbledhja.com\/tjeter-propozim-per-targat-be-thote-se-eshte-ne-pritje-te-pergjigjes-nga-prishtina\/\",\"name\":\"Tjet\u00ebr propozim p\u00ebr targat, BE thot\u00eb se \u00ebsht\u00eb n\u00eb pritje t\u00eb p\u00ebrgjigjes nga Prishtina\",\"isPartOf\":{\"@id\":\"https:\/\/permbledhja.com\/#website\"},\"datePublished\":\"2022-11-16T12:54:11+00:00\",\"dateModified\":\"2022-11-16T12:54:11+00:00\",\"breadcrumb\":{\"@id\":\"https:\/\/permbledhja.com\/tjeter-propozim-per-targat-be-thote-se-eshte-ne-pritje-te-pergjigjes-nga-prishtina\/#breadcrumb\"},\"inLanguage\":\"sq\",\"potentialAction\":[{\"@type\":\"ReadAction\",\"target\":[\"https:\/\/permbledhja.com\/tjeter-propozim-per-targat-be-thote-se-eshte-ne-pritje-te-pergjigjes-nga-prishtina\/\"]}]},{\"@type\":\"BreadcrumbList\",\"@id\":\"https:\/\/permbledhja.com\/tjeter-propozim-per-targat-be-thote-se-eshte-ne-pritje-te-pergjigjes-nga-prishtina\/#breadcrumb\",\"itemListElement\":[{\"@type\":\"ListItem\",\"position\":1,\"name\":\"Ballina\",\"item\":\"https:\/\/permbledhja.com\/sq\/\"},{\"@type\":\"ListItem\",\"position\":2,\"name\":\"Tjet\u00ebr propozim p\u00ebr targat, BE thot\u00eb se \u00ebsht\u00eb n\u00eb pritje t\u00eb p\u00ebrgjigjes nga Prishtina\"}]},{\"@type\":\"WebSite\",\"@id\":\"https:\/\/permbledhja.com\/#website\",\"url\":\"https:\/\/permbledhja.com\/\",\"name\":\"Ve\u00e7 artikuj p\u00ebrmbledh\u00ebs\",\"description\":\"\",\"publisher\":{\"@id\":\"https:\/\/permbledhja.com\/#organization\"},\"potentialAction\":[{\"@type\":\"SearchAction\",\"target\":{\"@type\":\"EntryPoint\",\"urlTemplate\":\"https:\/\/permbledhja.com\/?s={search_term_string}\"},\"query-input\":\"required name=search_term_string\"}],\"inLanguage\":\"sq\"},{\"@type\":\"Organization\",\"@id\":\"https:\/\/permbledhja.com\/#organization\",\"name\":\"MK Media & Pr\",\"url\":\"https:\/\/permbledhja.com\/\",\"logo\":{\"@type\":\"ImageObject\",\"inLanguage\":\"sq\",\"@id\":\"https:\/\/permbledhja.com\/#\/schema\/logo\/image\/\",\"url\":\"https:\/\/permbledhja.com\/wp-content\/uploads\/2021\/12\/07-Press-Logo.jpg\",\"contentUrl\":\"https:\/\/permbledhja.com\/wp-content\/uploads\/2021\/12\/07-Press-Logo.jpg\",\"width\":512,\"height\":512,\"caption\":\"MK Media & Pr\"},\"image\":{\"@id\":\"https:\/\/permbledhja.com\/#\/schema\/logo\/image\/\"},\"sameAs\":[\"https:\/\/www.facebook.com\/press07\/\"]},{\"@type\":\"Person\",\"@id\":\"https:\/\/permbledhja.com\/#\/schema\/person\/0d064377258d3221e50693947b9eb4fe\",\"name\":\"P\u00ebrmbledhja\",\"image\":{\"@type\":\"ImageObject\",\"inLanguage\":\"sq\",\"@id\":\"https:\/\/permbledhja.com\/#\/schema\/person\/image\/\",\"url\":\"https:\/\/permbledhja.com\/wp-content\/uploads\/2026\/01\/452004717_1040944174702970_8932037511805513407_n-96x96.jpg\",\"contentUrl\":\"https:\/\/permbledhja.com\/wp-content\/uploads\/2026\/01\/452004717_1040944174702970_8932037511805513407_n-96x96.jpg\",\"caption\":\"P\u00ebrmbledhja\"},\"sameAs\":[\"https:\/\/www.facebook.com\/kafexhiu.muharrem\/\",\"https:\/\/www.instagram.com\/muharrem_kafexhiu\/\"],\"url\":\"https:\/\/permbledhja.com\/sq\/author\/admin\/\"}]}<\/script>\n<!-- \/ Yoast SEO plugin. -->","yoast_head_json":{"title":"Tjet\u00ebr propozim p\u00ebr targat, BE thot\u00eb se \u00ebsht\u00eb n\u00eb pritje t\u00eb p\u00ebrgjigjes nga Prishtina","robots":{"index":"index","follow":"follow","max-snippet":"max-snippet:-1","max-image-preview":"max-image-preview:large","max-video-preview":"max-video-preview:-1"},"canonical":"https:\/\/permbledhja.com\/sq\/tjeter-propozim-per-targat-be-thote-se-eshte-ne-pritje-te-pergjigjes-nga-prishtina\/","og_locale":"sq_AL","og_type":"article","og_title":"Tjet\u00ebr propozim p\u00ebr targat, BE thot\u00eb se \u00ebsht\u00eb n\u00eb pritje t\u00eb p\u00ebrgjigjes nga Prishtina","og_description":"Bashkimi Evropian \u00ebsht\u00eb n\u00eb pritje t\u00eb p\u00ebrgjigjes s\u00eb Kosov\u00ebs p\u00ebr nj\u00eb propozim lidhur me \u00e7\u00ebshtjen e targave serbe, q\u00eb gjat\u00eb dit\u00ebs s\u00eb mart\u00eb i d\u00ebrguari i Posa\u00e7\u00ebm p\u00ebr dialogun, Miroslav Laj\u00e7ak, ia ka prezantuar kryenegociatorit t\u00eb Kosov\u00ebs p\u00ebr dialog, Besnik Bislimi, gjat\u00eb takimit t\u00eb tyre n\u00eb Bruksel. K\u00ebshtu kan\u00eb th\u00ebn\u00eb p\u00ebr Radion Evropa e Lir\u00eb [&hellip;]","og_url":"https:\/\/permbledhja.com\/sq\/tjeter-propozim-per-targat-be-thote-se-eshte-ne-pritje-te-pergjigjes-nga-prishtina\/","og_site_name":"Ve\u00e7 artikuj p\u00ebrmbledh\u00ebs","article_publisher":"https:\/\/www.facebook.com\/press07\/","article_author":"https:\/\/www.facebook.com\/kafexhiu.muharrem\/","article_published_time":"2022-11-16T12:54:11+00:00","og_image":[{"width":900,"height":601,"url":"https:\/\/permbledhja.com\/wp-content\/uploads\/2022\/11\/96121645609707.png","type":"image\/png"}],"author":"P\u00ebrmbledhja","twitter_card":"summary_large_image","twitter_misc":{"Written by":"P\u00ebrmbledhja","Est. reading time":"4 minuta"},"schema":{"@context":"https:\/\/schema.org","@graph":[{"@type":"Article","@id":"https:\/\/permbledhja.com\/tjeter-propozim-per-targat-be-thote-se-eshte-ne-pritje-te-pergjigjes-nga-prishtina\/#article","isPartOf":{"@id":"https:\/\/permbledhja.com\/tjeter-propozim-per-targat-be-thote-se-eshte-ne-pritje-te-pergjigjes-nga-prishtina\/"},"author":{"name":"P\u00ebrmbledhja","@id":"https:\/\/permbledhja.com\/#\/schema\/person\/0d064377258d3221e50693947b9eb4fe"},"headline":"Tjet\u00ebr propozim p\u00ebr targat, BE thot\u00eb se \u00ebsht\u00eb n\u00eb pritje t\u00eb p\u00ebrgjigjes nga Prishtina","datePublished":"2022-11-16T12:54:11+00:00","dateModified":"2022-11-16T12:54:11+00:00","mainEntityOfPage":{"@id":"https:\/\/permbledhja.com\/tjeter-propozim-per-targat-be-thote-se-eshte-ne-pritje-te-pergjigjes-nga-prishtina\/"},"wordCount":763,"publisher":{"@id":"https:\/\/permbledhja.com\/#organization"},"keywords":["BE","Prishtina"],"articleSection":["Ballina"],"inLanguage":"sq"},{"@type":"WebPage","@id":"https:\/\/permbledhja.com\/tjeter-propozim-per-targat-be-thote-se-eshte-ne-pritje-te-pergjigjes-nga-prishtina\/","url":"https:\/\/permbledhja.com\/tjeter-propozim-per-targat-be-thote-se-eshte-ne-pritje-te-pergjigjes-nga-prishtina\/","name":"Tjet\u00ebr propozim p\u00ebr targat, BE thot\u00eb se \u00ebsht\u00eb n\u00eb pritje t\u00eb p\u00ebrgjigjes nga Prishtina","isPartOf":{"@id":"https:\/\/permbledhja.com\/#website"},"datePublished":"2022-11-16T12:54:11+00:00","dateModified":"2022-11-16T12:54:11+00:00","breadcrumb":{"@id":"https:\/\/permbledhja.com\/tjeter-propozim-per-targat-be-thote-se-eshte-ne-pritje-te-pergjigjes-nga-prishtina\/#breadcrumb"},"inLanguage":"sq","potentialAction":[{"@type":"ReadAction","target":["https:\/\/permbledhja.com\/tjeter-propozim-per-targat-be-thote-se-eshte-ne-pritje-te-pergjigjes-nga-prishtina\/"]}]},{"@type":"BreadcrumbList","@id":"https:\/\/permbledhja.com\/tjeter-propozim-per-targat-be-thote-se-eshte-ne-pritje-te-pergjigjes-nga-prishtina\/#breadcrumb","itemListElement":[{"@type":"ListItem","position":1,"name":"Ballina","item":"https:\/\/permbledhja.com\/sq\/"},{"@type":"ListItem","position":2,"name":"Tjet\u00ebr propozim p\u00ebr targat, BE thot\u00eb se \u00ebsht\u00eb n\u00eb pritje t\u00eb p\u00ebrgjigjes nga Prishtina"}]},{"@type":"WebSite","@id":"https:\/\/permbledhja.com\/#website","url":"https:\/\/permbledhja.com\/","name":"Ve\u00e7 artikuj p\u00ebrmbledh\u00ebs","description":"","publisher":{"@id":"https:\/\/permbledhja.com\/#organization"},"potentialAction":[{"@type":"SearchAction","target":{"@type":"EntryPoint","urlTemplate":"https:\/\/permbledhja.com\/?s={search_term_string}"},"query-input":"required name=search_term_string"}],"inLanguage":"sq"},{"@type":"Organization","@id":"https:\/\/permbledhja.com\/#organization","name":"MK Media & Pr","url":"https:\/\/permbledhja.com\/","logo":{"@type":"ImageObject","inLanguage":"sq","@id":"https:\/\/permbledhja.com\/#\/schema\/logo\/image\/","url":"https:\/\/permbledhja.com\/wp-content\/uploads\/2021\/12\/07-Press-Logo.jpg","contentUrl":"https:\/\/permbledhja.com\/wp-content\/uploads\/2021\/12\/07-Press-Logo.jpg","width":512,"height":512,"caption":"MK Media & Pr"},"image":{"@id":"https:\/\/permbledhja.com\/#\/schema\/logo\/image\/"},"sameAs":["https:\/\/www.facebook.com\/press07\/"]},{"@type":"Person","@id":"https:\/\/permbledhja.com\/#\/schema\/person\/0d064377258d3221e50693947b9eb4fe","name":"P\u00ebrmbledhja","image":{"@type":"ImageObject","inLanguage":"sq","@id":"https:\/\/permbledhja.com\/#\/schema\/person\/image\/","url":"https:\/\/permbledhja.com\/wp-content\/uploads\/2026\/01\/452004717_1040944174702970_8932037511805513407_n-96x96.jpg","contentUrl":"https:\/\/permbledhja.com\/wp-content\/uploads\/2026\/01\/452004717_1040944174702970_8932037511805513407_n-96x96.jpg","caption":"P\u00ebrmbledhja"},"sameAs":["https:\/\/www.facebook.com\/kafexhiu.muharrem\/","https:\/\/www.instagram.com\/muharrem_kafexhiu\/"],"url":"https:\/\/permbledhja.com\/sq\/author\/admin\/"}]}},"_links":{"self":[{"href":"https:\/\/permbledhja.com\/sq\/wp-json\/wp\/v2\/posts\/10238"}],"collection":[{"href":"https:\/\/permbledhja.com\/sq\/wp-json\/wp\/v2\/posts"}],"about":[{"href":"https:\/\/permbledhja.com\/sq\/wp-json\/wp\/v2\/types\/post"}],"author":[{"embeddable":true,"href":"https:\/\/permbledhja.com\/sq\/wp-json\/wp\/v2\/users\/1"}],"replies":[{"embeddable":true,"href":"https:\/\/permbledhja.com\/sq\/wp-json\/wp\/v2\/comments?post=10238"}],"version-history":[{"count":1,"href":"https:\/\/permbledhja.com\/sq\/wp-json\/wp\/v2\/posts\/10238\/revisions"}],"predecessor-version":[{"id":10240,"href":"https:\/\/permbledhja.com\/sq\/wp-json\/wp\/v2\/posts\/10238\/revisions\/10240"}],"wp:featuredmedia":[{"embeddable":true,"href":"https:\/\/permbledhja.com\/sq\/wp-json\/wp\/v2\/media\/10239"}],"wp:attachment":[{"href":"https:\/\/permbledhja.com\/sq\/wp-json\/wp\/v2\/media?parent=10238"}],"wp:term":[{"taxonomy":"category","embeddable":true,"href":"https:\/\/permbledhja.com\/sq\/wp-json\/wp\/v2\/categories?post=10238"},{"taxonomy":"post_tag","embeddable":true,"href":"https:\/\/permbledhja.com\/sq\/wp-json\/wp\/v2\/tags?post=10238"}],"curies":[{"name":"wp","href":"https:\/\/api.w.org\/{rel}","templated":true}]}}