{"id":10094,"date":"2022-11-12T10:08:40","date_gmt":"2022-11-12T10:08:40","guid":{"rendered":"https:\/\/permbledhja.com\/?p=10094"},"modified":"2022-11-12T10:08:40","modified_gmt":"2022-11-12T10:08:40","slug":"nxenesi-ne-prishtine-hedh-sprej-lotesjelles-ne-klase-arrestohet","status":"publish","type":"post","link":"https:\/\/permbledhja.com\/sq\/nxenesi-ne-prishtine-hedh-sprej-lotesjelles-ne-klase-arrestohet\/","title":{"rendered":"Nx\u00ebn\u00ebsi n\u00eb Prishtin\u00eb hedh sprej lot\u00ebsjell\u00ebs n\u00eb klas\u00eb, arrestohet"},"content":{"rendered":"<p><strong>Policia e Kosov\u00ebs ka njoftuar se ka arrestuar nj\u00eb nx\u00ebn\u00ebs n\u00eb nj\u00eb shkoll\u00eb t\u00eb Prishtin\u00ebs, pasi dyshohet se ka hedhur gaz lotsjell\u00ebs n\u00eb klas\u00eb.<\/strong><\/p>\n<p>N\u00eb raportin 24 or\u00ebsh thuhet se ngjarja ka ndodhur nj\u00eb dit\u00eb m\u00eb par\u00eb dhe se spreji \u00ebsht\u00eb konfiskuar.<\/p>\n<p><strong>\u201c\u00cbsht\u00eb arrestuar i dyshuari mashkull kosovar i mitur, pasi q\u00eb n\u00eb klas\u00ebn e tij kishte hedhur sprej lotsjell\u00ebs. Sprej \u00ebsht\u00eb konfiskuar dhe me vendim t\u00eb prokurorit i dyshuari \u00ebsht\u00eb d\u00ebrguar n\u00eb mbajtje\u201d<\/strong>, thuhet n\u00eb njoftim.<\/p>\n<p>https:\/\/permbledhja.com\/prishtine-gruaja-kanos-dhe-sulmon-fizikisht-burrin-e-saj\/<\/p>\n","protected":false},"excerpt":{"rendered":"<p>Policia e Kosov\u00ebs ka njoftuar se ka arrestuar nj\u00eb nx\u00ebn\u00ebs n\u00eb nj\u00eb shkoll\u00eb t\u00eb Prishtin\u00ebs, pasi dyshohet se ka hedhur gaz lotsjell\u00ebs n\u00eb klas\u00eb. N\u00eb raportin 24 or\u00ebsh thuhet se ngjarja ka ndodhur nj\u00eb dit\u00eb m\u00eb par\u00eb dhe se spreji \u00ebsht\u00eb konfiskuar. \u201c\u00cbsht\u00eb arrestuar i dyshuari mashkull kosovar i mitur, pasi q\u00eb n\u00eb klas\u00ebn e [&hellip;]<\/p>\n","protected":false},"author":1,"featured_media":10095,"comment_status":"closed","ping_status":"closed","sticky":false,"template":"","format":"standard","meta":{"_monsterinsights_skip_tracking":false,"_monsterinsights_sitenote_active":false,"_monsterinsights_sitenote_note":"","_monsterinsights_sitenote_category":0,"_uf_show_specific_survey":0,"_uf_disable_surveys":false,"footnotes":""},"categories":[23,15],"tags":[110],"yoast_head":"<!-- This site is optimized with the Yoast SEO plugin v21.5 - https:\/\/yoast.com\/wordpress\/plugins\/seo\/ -->\n<title>Nx\u00ebn\u00ebsi n\u00eb Prishtin\u00eb hedh sprej lot\u00ebsjell\u00ebs n\u00eb klas\u00eb, arrestohet<\/title>\n<meta name=\"robots\" content=\"index, follow, max-snippet:-1, max-image-preview:large, max-video-preview:-1\" \/>\n<link rel=\"canonical\" href=\"https:\/\/permbledhja.com\/sq\/nxenesi-ne-prishtine-hedh-sprej-lotesjelles-ne-klase-arrestohet\/\" \/>\n<meta property=\"og:locale\" content=\"sq_AL\" \/>\n<meta property=\"og:type\" content=\"article\" \/>\n<meta property=\"og:title\" content=\"Nx\u00ebn\u00ebsi n\u00eb Prishtin\u00eb hedh sprej lot\u00ebsjell\u00ebs n\u00eb klas\u00eb, arrestohet\" \/>\n<meta property=\"og:description\" content=\"Policia e Kosov\u00ebs ka njoftuar se ka arrestuar nj\u00eb nx\u00ebn\u00ebs n\u00eb nj\u00eb shkoll\u00eb t\u00eb Prishtin\u00ebs, pasi dyshohet se ka hedhur gaz lotsjell\u00ebs n\u00eb klas\u00eb. N\u00eb raportin 24 or\u00ebsh thuhet se ngjarja ka ndodhur nj\u00eb dit\u00eb m\u00eb par\u00eb dhe se spreji \u00ebsht\u00eb konfiskuar. \u201c\u00cbsht\u00eb arrestuar i dyshuari mashkull kosovar i mitur, pasi q\u00eb n\u00eb klas\u00ebn e [&hellip;]\" \/>\n<meta property=\"og:url\" content=\"https:\/\/permbledhja.com\/sq\/nxenesi-ne-prishtine-hedh-sprej-lotesjelles-ne-klase-arrestohet\/\" \/>\n<meta property=\"og:site_name\" content=\"Ve\u00e7 artikuj p\u00ebrmbledh\u00ebs\" \/>\n<meta property=\"article:publisher\" content=\"https:\/\/www.facebook.com\/press07\/\" \/>\n<meta property=\"article:author\" content=\"https:\/\/www.facebook.com\/kafexhiu.muharrem\/\" \/>\n<meta property=\"article:published_time\" content=\"2022-11-12T10:08:40+00:00\" \/>\n<meta property=\"og:image\" content=\"https:\/\/permbledhja.com\/wp-content\/uploads\/2022\/11\/greve-1-780x439-1-600x360-1.jpg\" \/>\n\t<meta property=\"og:image:width\" content=\"600\" \/>\n\t<meta property=\"og:image:height\" content=\"360\" \/>\n\t<meta property=\"og:image:type\" content=\"image\/jpeg\" \/>\n<meta name=\"author\" content=\"P\u00ebrmbledhja\" \/>\n<meta name=\"twitter:card\" content=\"summary_large_image\" \/>\n<meta name=\"twitter:label1\" content=\"Written by\" \/>\n\t<meta name=\"twitter:data1\" content=\"P\u00ebrmbledhja\" \/>\n<script type=\"application\/ld+json\" class=\"yoast-schema-graph\">{\"@context\":\"https:\/\/schema.org\",\"@graph\":[{\"@type\":\"Article\",\"@id\":\"https:\/\/permbledhja.com\/nxenesi-ne-prishtine-hedh-sprej-lotesjelles-ne-klase-arrestohet\/#article\",\"isPartOf\":{\"@id\":\"https:\/\/permbledhja.com\/nxenesi-ne-prishtine-hedh-sprej-lotesjelles-ne-klase-arrestohet\/\"},\"author\":{\"name\":\"P\u00ebrmbledhja\",\"@id\":\"https:\/\/permbledhja.com\/#\/schema\/person\/0d064377258d3221e50693947b9eb4fe\"},\"headline\":\"Nx\u00ebn\u00ebsi n\u00eb Prishtin\u00eb hedh sprej lot\u00ebsjell\u00ebs n\u00eb klas\u00eb, arrestohet\",\"datePublished\":\"2022-11-12T10:08:40+00:00\",\"dateModified\":\"2022-11-12T10:08:40+00:00\",\"mainEntityOfPage\":{\"@id\":\"https:\/\/permbledhja.com\/nxenesi-ne-prishtine-hedh-sprej-lotesjelles-ne-klase-arrestohet\/\"},\"wordCount\":102,\"publisher\":{\"@id\":\"https:\/\/permbledhja.com\/#organization\"},\"keywords\":[\"Prishtin\u00eb\"],\"articleSection\":[\"Komb\u00ebtare\",\"Lajme\"],\"inLanguage\":\"sq\"},{\"@type\":\"WebPage\",\"@id\":\"https:\/\/permbledhja.com\/nxenesi-ne-prishtine-hedh-sprej-lotesjelles-ne-klase-arrestohet\/\",\"url\":\"https:\/\/permbledhja.com\/nxenesi-ne-prishtine-hedh-sprej-lotesjelles-ne-klase-arrestohet\/\",\"name\":\"Nx\u00ebn\u00ebsi n\u00eb Prishtin\u00eb hedh sprej lot\u00ebsjell\u00ebs n\u00eb klas\u00eb, arrestohet\",\"isPartOf\":{\"@id\":\"https:\/\/permbledhja.com\/#website\"},\"datePublished\":\"2022-11-12T10:08:40+00:00\",\"dateModified\":\"2022-11-12T10:08:40+00:00\",\"breadcrumb\":{\"@id\":\"https:\/\/permbledhja.com\/nxenesi-ne-prishtine-hedh-sprej-lotesjelles-ne-klase-arrestohet\/#breadcrumb\"},\"inLanguage\":\"sq\",\"potentialAction\":[{\"@type\":\"ReadAction\",\"target\":[\"https:\/\/permbledhja.com\/nxenesi-ne-prishtine-hedh-sprej-lotesjelles-ne-klase-arrestohet\/\"]}]},{\"@type\":\"BreadcrumbList\",\"@id\":\"https:\/\/permbledhja.com\/nxenesi-ne-prishtine-hedh-sprej-lotesjelles-ne-klase-arrestohet\/#breadcrumb\",\"itemListElement\":[{\"@type\":\"ListItem\",\"position\":1,\"name\":\"Ballina\",\"item\":\"https:\/\/permbledhja.com\/sq\/\"},{\"@type\":\"ListItem\",\"position\":2,\"name\":\"Nx\u00ebn\u00ebsi n\u00eb Prishtin\u00eb hedh sprej lot\u00ebsjell\u00ebs n\u00eb klas\u00eb, arrestohet\"}]},{\"@type\":\"WebSite\",\"@id\":\"https:\/\/permbledhja.com\/#website\",\"url\":\"https:\/\/permbledhja.com\/\",\"name\":\"Ve\u00e7 artikuj p\u00ebrmbledh\u00ebs\",\"description\":\"\",\"publisher\":{\"@id\":\"https:\/\/permbledhja.com\/#organization\"},\"potentialAction\":[{\"@type\":\"SearchAction\",\"target\":{\"@type\":\"EntryPoint\",\"urlTemplate\":\"https:\/\/permbledhja.com\/?s={search_term_string}\"},\"query-input\":\"required name=search_term_string\"}],\"inLanguage\":\"sq\"},{\"@type\":\"Organization\",\"@id\":\"https:\/\/permbledhja.com\/#organization\",\"name\":\"MK Media & Pr\",\"url\":\"https:\/\/permbledhja.com\/\",\"logo\":{\"@type\":\"ImageObject\",\"inLanguage\":\"sq\",\"@id\":\"https:\/\/permbledhja.com\/#\/schema\/logo\/image\/\",\"url\":\"https:\/\/permbledhja.com\/wp-content\/uploads\/2021\/12\/07-Press-Logo.jpg\",\"contentUrl\":\"https:\/\/permbledhja.com\/wp-content\/uploads\/2021\/12\/07-Press-Logo.jpg\",\"width\":512,\"height\":512,\"caption\":\"MK Media & Pr\"},\"image\":{\"@id\":\"https:\/\/permbledhja.com\/#\/schema\/logo\/image\/\"},\"sameAs\":[\"https:\/\/www.facebook.com\/press07\/\"]},{\"@type\":\"Person\",\"@id\":\"https:\/\/permbledhja.com\/#\/schema\/person\/0d064377258d3221e50693947b9eb4fe\",\"name\":\"P\u00ebrmbledhja\",\"image\":{\"@type\":\"ImageObject\",\"inLanguage\":\"sq\",\"@id\":\"https:\/\/permbledhja.com\/#\/schema\/person\/image\/\",\"url\":\"https:\/\/permbledhja.com\/wp-content\/uploads\/2026\/01\/452004717_1040944174702970_8932037511805513407_n-96x96.jpg\",\"contentUrl\":\"https:\/\/permbledhja.com\/wp-content\/uploads\/2026\/01\/452004717_1040944174702970_8932037511805513407_n-96x96.jpg\",\"caption\":\"P\u00ebrmbledhja\"},\"sameAs\":[\"https:\/\/www.facebook.com\/kafexhiu.muharrem\/\",\"https:\/\/www.instagram.com\/muharrem_kafexhiu\/\"],\"url\":\"https:\/\/permbledhja.com\/sq\/author\/admin\/\"}]}<\/script>\n<!-- \/ Yoast SEO plugin. -->","yoast_head_json":{"title":"Nx\u00ebn\u00ebsi n\u00eb Prishtin\u00eb hedh sprej lot\u00ebsjell\u00ebs n\u00eb klas\u00eb, arrestohet","robots":{"index":"index","follow":"follow","max-snippet":"max-snippet:-1","max-image-preview":"max-image-preview:large","max-video-preview":"max-video-preview:-1"},"canonical":"https:\/\/permbledhja.com\/sq\/nxenesi-ne-prishtine-hedh-sprej-lotesjelles-ne-klase-arrestohet\/","og_locale":"sq_AL","og_type":"article","og_title":"Nx\u00ebn\u00ebsi n\u00eb Prishtin\u00eb hedh sprej lot\u00ebsjell\u00ebs n\u00eb klas\u00eb, arrestohet","og_description":"Policia e Kosov\u00ebs ka njoftuar se ka arrestuar nj\u00eb nx\u00ebn\u00ebs n\u00eb nj\u00eb shkoll\u00eb t\u00eb Prishtin\u00ebs, pasi dyshohet se ka hedhur gaz lotsjell\u00ebs n\u00eb klas\u00eb. N\u00eb raportin 24 or\u00ebsh thuhet se ngjarja ka ndodhur nj\u00eb dit\u00eb m\u00eb par\u00eb dhe se spreji \u00ebsht\u00eb konfiskuar. \u201c\u00cbsht\u00eb arrestuar i dyshuari mashkull kosovar i mitur, pasi q\u00eb n\u00eb klas\u00ebn e [&hellip;]","og_url":"https:\/\/permbledhja.com\/sq\/nxenesi-ne-prishtine-hedh-sprej-lotesjelles-ne-klase-arrestohet\/","og_site_name":"Ve\u00e7 artikuj p\u00ebrmbledh\u00ebs","article_publisher":"https:\/\/www.facebook.com\/press07\/","article_author":"https:\/\/www.facebook.com\/kafexhiu.muharrem\/","article_published_time":"2022-11-12T10:08:40+00:00","og_image":[{"width":600,"height":360,"url":"https:\/\/permbledhja.com\/wp-content\/uploads\/2022\/11\/greve-1-780x439-1-600x360-1.jpg","type":"image\/jpeg"}],"author":"P\u00ebrmbledhja","twitter_card":"summary_large_image","twitter_misc":{"Written by":"P\u00ebrmbledhja"},"schema":{"@context":"https:\/\/schema.org","@graph":[{"@type":"Article","@id":"https:\/\/permbledhja.com\/nxenesi-ne-prishtine-hedh-sprej-lotesjelles-ne-klase-arrestohet\/#article","isPartOf":{"@id":"https:\/\/permbledhja.com\/nxenesi-ne-prishtine-hedh-sprej-lotesjelles-ne-klase-arrestohet\/"},"author":{"name":"P\u00ebrmbledhja","@id":"https:\/\/permbledhja.com\/#\/schema\/person\/0d064377258d3221e50693947b9eb4fe"},"headline":"Nx\u00ebn\u00ebsi n\u00eb Prishtin\u00eb hedh sprej lot\u00ebsjell\u00ebs n\u00eb klas\u00eb, arrestohet","datePublished":"2022-11-12T10:08:40+00:00","dateModified":"2022-11-12T10:08:40+00:00","mainEntityOfPage":{"@id":"https:\/\/permbledhja.com\/nxenesi-ne-prishtine-hedh-sprej-lotesjelles-ne-klase-arrestohet\/"},"wordCount":102,"publisher":{"@id":"https:\/\/permbledhja.com\/#organization"},"keywords":["Prishtin\u00eb"],"articleSection":["Komb\u00ebtare","Lajme"],"inLanguage":"sq"},{"@type":"WebPage","@id":"https:\/\/permbledhja.com\/nxenesi-ne-prishtine-hedh-sprej-lotesjelles-ne-klase-arrestohet\/","url":"https:\/\/permbledhja.com\/nxenesi-ne-prishtine-hedh-sprej-lotesjelles-ne-klase-arrestohet\/","name":"Nx\u00ebn\u00ebsi n\u00eb Prishtin\u00eb hedh sprej lot\u00ebsjell\u00ebs n\u00eb klas\u00eb, arrestohet","isPartOf":{"@id":"https:\/\/permbledhja.com\/#website"},"datePublished":"2022-11-12T10:08:40+00:00","dateModified":"2022-11-12T10:08:40+00:00","breadcrumb":{"@id":"https:\/\/permbledhja.com\/nxenesi-ne-prishtine-hedh-sprej-lotesjelles-ne-klase-arrestohet\/#breadcrumb"},"inLanguage":"sq","potentialAction":[{"@type":"ReadAction","target":["https:\/\/permbledhja.com\/nxenesi-ne-prishtine-hedh-sprej-lotesjelles-ne-klase-arrestohet\/"]}]},{"@type":"BreadcrumbList","@id":"https:\/\/permbledhja.com\/nxenesi-ne-prishtine-hedh-sprej-lotesjelles-ne-klase-arrestohet\/#breadcrumb","itemListElement":[{"@type":"ListItem","position":1,"name":"Ballina","item":"https:\/\/permbledhja.com\/sq\/"},{"@type":"ListItem","position":2,"name":"Nx\u00ebn\u00ebsi n\u00eb Prishtin\u00eb hedh sprej lot\u00ebsjell\u00ebs n\u00eb klas\u00eb, arrestohet"}]},{"@type":"WebSite","@id":"https:\/\/permbledhja.com\/#website","url":"https:\/\/permbledhja.com\/","name":"Ve\u00e7 artikuj p\u00ebrmbledh\u00ebs","description":"","publisher":{"@id":"https:\/\/permbledhja.com\/#organization"},"potentialAction":[{"@type":"SearchAction","target":{"@type":"EntryPoint","urlTemplate":"https:\/\/permbledhja.com\/?s={search_term_string}"},"query-input":"required name=search_term_string"}],"inLanguage":"sq"},{"@type":"Organization","@id":"https:\/\/permbledhja.com\/#organization","name":"MK Media & Pr","url":"https:\/\/permbledhja.com\/","logo":{"@type":"ImageObject","inLanguage":"sq","@id":"https:\/\/permbledhja.com\/#\/schema\/logo\/image\/","url":"https:\/\/permbledhja.com\/wp-content\/uploads\/2021\/12\/07-Press-Logo.jpg","contentUrl":"https:\/\/permbledhja.com\/wp-content\/uploads\/2021\/12\/07-Press-Logo.jpg","width":512,"height":512,"caption":"MK Media & Pr"},"image":{"@id":"https:\/\/permbledhja.com\/#\/schema\/logo\/image\/"},"sameAs":["https:\/\/www.facebook.com\/press07\/"]},{"@type":"Person","@id":"https:\/\/permbledhja.com\/#\/schema\/person\/0d064377258d3221e50693947b9eb4fe","name":"P\u00ebrmbledhja","image":{"@type":"ImageObject","inLanguage":"sq","@id":"https:\/\/permbledhja.com\/#\/schema\/person\/image\/","url":"https:\/\/permbledhja.com\/wp-content\/uploads\/2026\/01\/452004717_1040944174702970_8932037511805513407_n-96x96.jpg","contentUrl":"https:\/\/permbledhja.com\/wp-content\/uploads\/2026\/01\/452004717_1040944174702970_8932037511805513407_n-96x96.jpg","caption":"P\u00ebrmbledhja"},"sameAs":["https:\/\/www.facebook.com\/kafexhiu.muharrem\/","https:\/\/www.instagram.com\/muharrem_kafexhiu\/"],"url":"https:\/\/permbledhja.com\/sq\/author\/admin\/"}]}},"_links":{"self":[{"href":"https:\/\/permbledhja.com\/sq\/wp-json\/wp\/v2\/posts\/10094"}],"collection":[{"href":"https:\/\/permbledhja.com\/sq\/wp-json\/wp\/v2\/posts"}],"about":[{"href":"https:\/\/permbledhja.com\/sq\/wp-json\/wp\/v2\/types\/post"}],"author":[{"embeddable":true,"href":"https:\/\/permbledhja.com\/sq\/wp-json\/wp\/v2\/users\/1"}],"replies":[{"embeddable":true,"href":"https:\/\/permbledhja.com\/sq\/wp-json\/wp\/v2\/comments?post=10094"}],"version-history":[{"count":1,"href":"https:\/\/permbledhja.com\/sq\/wp-json\/wp\/v2\/posts\/10094\/revisions"}],"predecessor-version":[{"id":10096,"href":"https:\/\/permbledhja.com\/sq\/wp-json\/wp\/v2\/posts\/10094\/revisions\/10096"}],"wp:featuredmedia":[{"embeddable":true,"href":"https:\/\/permbledhja.com\/sq\/wp-json\/wp\/v2\/media\/10095"}],"wp:attachment":[{"href":"https:\/\/permbledhja.com\/sq\/wp-json\/wp\/v2\/media?parent=10094"}],"wp:term":[{"taxonomy":"category","embeddable":true,"href":"https:\/\/permbledhja.com\/sq\/wp-json\/wp\/v2\/categories?post=10094"},{"taxonomy":"post_tag","embeddable":true,"href":"https:\/\/permbledhja.com\/sq\/wp-json\/wp\/v2\/tags?post=10094"}],"curies":[{"name":"wp","href":"https:\/\/api.w.org\/{rel}","templated":true}]}}